{"id":996,"date":"2012-10-16T15:17:06","date_gmt":"2012-10-16T13:17:06","guid":{"rendered":"https:\/\/abonyita.inf.elte.hu\/?p=996"},"modified":"2013-02-10T18:32:55","modified_gmt":"2013-02-10T17:32:55","slug":"akadalymentes-tananyagkeszites-interju-a-kossuth-radio-szonda-cimu-musoraban","status":"publish","type":"post","link":"https:\/\/abonyita.inf.elte.hu\/?p=996","title":{"rendered":"Akad\u00e1lymentes tananyagk\u00e9sz\u00edt\u00e9s &#8211; interj\u00fa a Kossuth r\u00e1di\u00f3 Szonda c\u00edm\u0171 m\u0171sor\u00e1ban"},"content":{"rendered":"<p>Szonda &#8211; MR1-Kossuth R\u00e1di\u00f3 (Akad\u00e1lymentes tananyagk\u00e9sz\u00edt\u00e9s, interj\u00fa)<\/p>\n<p><img loading=\"lazy\" decoding=\"async\" class=\"alignright size-full wp-image-999\" title=\"Kossuth r\u00e1di\u00f3 log\u00f3\" src=\"https:\/\/abonyita.inf.elte.hu\/wp-content\/uploads\/2012\/10\/kossuthradiologo.jpg\" alt=\"Kossuth r\u00e1di\u00f3 log\u00f3\" width=\"117\" height=\"117\" \/>A\u00a0 T\u00c1MOP 4.1.2\/A\/2-10\/1-2010-0011 &#8211; <a href=\"http:\/\/tatk.elte.hu\/kiemelt-projektjeink\/infotars-projekt\">INFOT\u00c1RS Projektben<\/a> fejlesztett tananyagok kapcs\u00e1n interj\u00fat adtam a Kossuth r\u00e1di\u00f3 <strong>Szonda<\/strong> c\u00edm\u0171 m\u0171sor\u00e1ban, ahol a tananyagok el\u0151nyeir\u0151l \u00e9s az ELTE IK-n, a vezet\u00e9semmel kifejlesztett ELTESCORM keretrendszerr\u0151l besz\u00e9ltem.<\/p>\n<p>Az interj\u00fa az al\u00e1bbiakban meghallgathat\u00f3:<\/p>\n<p><iframe loading=\"lazy\" width=\"100%\" height=\"166\" scrolling=\"no\" frameborder=\"no\" src=\"https:\/\/w.soundcloud.com\/player\/?url=http%3A%2F%2Fapi.soundcloud.com%2Ftracks%2F78653897\"><\/iframe><\/p>\n","protected":false},"excerpt":{"rendered":"<p>Szonda &#8211; MR1-Kossuth R\u00e1di\u00f3 (Akad\u00e1lymentes tananyagk\u00e9sz\u00edt\u00e9s, interj\u00fa) A\u00a0 T\u00c1MOP 4.1.2\/A\/2-10\/1-2010-0011 &#8211; INFOT\u00c1RS Projektben fejlesztett tananyagok kapcs\u00e1n interj\u00fat adtam a Kossuth r\u00e1di\u00f3 Szonda c\u00edm\u0171 m\u0171sor\u00e1ban, ahol a tananyagok el\u0151nyeir\u0151l \u00e9s az ELTE IK-n, a vezet\u00e9semmel kifejlesztett ELTESCORM keretrendszerr\u0151l besz\u00e9ltem. Az interj\u00fa az al\u00e1bbiakban meghallgathat\u00f3:<\/p>\n<a href=\"https:\/\/abonyita.inf.elte.hu\/?p=996\" class=\"read-more-link\">Tov\u00e1bb olvasom  <span class=\"screen-reader-text\">\"Akad\u00e1lymentes tananyagk\u00e9sz\u00edt\u00e9s &#8211; interj\u00fa a Kossuth r\u00e1di\u00f3 Szonda c\u00edm\u0171 m\u0171sor\u00e1ban\"<\/span> <span class=\"meta-nav\">&rarr;<\/span><\/a>","protected":false},"author":1,"featured_media":0,"comment_status":"open","ping_status":"open","sticky":false,"template":"","format":"standard","meta":{"footnotes":""},"categories":[23,86],"tags":[],"class_list":["post-996","post","type-post","status-publish","format-standard","hentry","category-akadalymentesites","category-interju","penguin-post","penguin-post-not-sticky"],"_links":{"self":[{"href":"https:\/\/abonyita.inf.elte.hu\/index.php?rest_route=\/wp\/v2\/posts\/996","targetHints":{"allow":["GET"]}}],"collection":[{"href":"https:\/\/abonyita.inf.elte.hu\/index.php?rest_route=\/wp\/v2\/posts"}],"about":[{"href":"https:\/\/abonyita.inf.elte.hu\/index.php?rest_route=\/wp\/v2\/types\/post"}],"author":[{"embeddable":true,"href":"https:\/\/abonyita.inf.elte.hu\/index.php?rest_route=\/wp\/v2\/users\/1"}],"replies":[{"embeddable":true,"href":"https:\/\/abonyita.inf.elte.hu\/index.php?rest_route=%2Fwp%2Fv2%2Fcomments&post=996"}],"version-history":[{"count":12,"href":"https:\/\/abonyita.inf.elte.hu\/index.php?rest_route=\/wp\/v2\/posts\/996\/revisions"}],"predecessor-version":[{"id":1002,"href":"https:\/\/abonyita.inf.elte.hu\/index.php?rest_route=\/wp\/v2\/posts\/996\/revisions\/1002"}],"wp:attachment":[{"href":"https:\/\/abonyita.inf.elte.hu\/index.php?rest_route=%2Fwp%2Fv2%2Fmedia&parent=996"}],"wp:term":[{"taxonomy":"category","embeddable":true,"href":"https:\/\/abonyita.inf.elte.hu\/index.php?rest_route=%2Fwp%2Fv2%2Fcategories&post=996"},{"taxonomy":"post_tag","embeddable":true,"href":"https:\/\/abonyita.inf.elte.hu\/index.php?rest_route=%2Fwp%2Fv2%2Ftags&post=996"}],"curies":[{"name":"wp","href":"https:\/\/api.w.org\/{rel}","templated":true}]}}