{"id":676,"date":"2012-02-11T15:25:06","date_gmt":"2012-02-11T14:25:06","guid":{"rendered":"https:\/\/abonyita.inf.elte.hu\/?p=676"},"modified":"2012-02-11T15:25:06","modified_gmt":"2012-02-11T14:25:06","slug":"igy-mulik-az-ido-budapesten","status":"publish","type":"post","link":"https:\/\/abonyita.inf.elte.hu\/?p=676","title":{"rendered":"\u00cdgy m\u00falik az id\u0151 Budapesten&#8230;"},"content":{"rendered":"<p><em>&#8222;A time lapse magyarra ford\u00edtva annyit tesz: id\u0151 m\u00fal\u00e1s. <\/em><br \/>\n<em>A mozg\u00f3k\u00e9pes  szakm\u00e1n bel\u00fcl a time lapse f\u00e9nyk\u00e9pez\u00e9s egy olyan mozg\u00f3k\u00e9p r\u00f6gz\u00edt\u00e9si  technol\u00f3gi\u00e1t jelent, amelyn\u00e9l az egym\u00e1st k\u00f6vet\u0151 k\u00e9pkock\u00e1kat lass\u00fa  id\u0151k\u00f6z\u00f6nk\u00e9nt r\u00f6gz\u00edtj\u00fck, de val\u00f3s id\u0151ben j\u00e1tszuk vissza. P\u00e9ld\u00e1ul egy \u00f3ra  alatt 25 fot\u00f3t csin\u00e1lunk egy reggeli f\u00e9nyben szirmait bontogat\u00f3  vir\u00e1gr\u00f3l, pontosan 4 percenk\u00e9nt r\u00f6gz\u00edt\u00fcnk teh\u00e1t egy f\u00e9nyk\u00e9pet, de mikor  az \u00edgy kapott sorozatfelv\u00e9telt \u00f6sszef\u0171zve, time line-ra helyezz\u00fck \u00e9s  mozg\u00f3k\u00e9pk\u00e9nt lej\u00e1tszuk (25 frame per secundumos sebess\u00e9ggel), az a  gyakorlatban egy egy m\u00e1sodperc hossz\u00fa minifilm lesz a vir\u00e1g egy \u00f3ra  alatt lefolytatott mozg\u00e1s\u00e1r\u00f3l.&#8221;<\/em><\/p>\n<p style=\"text-align: right;\">Forr\u00e1s: <a title=\"Mi az a time lapse? - time lapse blog\" href=\"http:\/\/timelapse.blog.hu\/2009\/02\/25\/vihar_timelapse\">Mi az a time lapse? &#8211; time lapse blog<\/a><\/p>\n<p>Az al\u00e1bbiakban egy gy\u00f6ny\u00f6r\u0171en megval\u00f3s\u00edtott, Budapest r\u00e9zb\u0151l k\u00e9sz\u00fclt \u00e9p\u00fcletelemeit \u00e9s szobrait bemutat\u00f3\u00a0 timelapse vide\u00f3t l\u00e1thatunk.<br \/>\nA vide\u00f3t <a href=\"http:\/\/www.dancsopeter.exofire.net\/\">Dancs\u00f3 P\u00e9ter<\/a> k\u00e9sz\u00edtette.<\/p>\n<p>httpv:\/\/www.youtube.com\/watch?v=GBZJSyJqzAQ<\/p>\n<p>A szerz\u0151 egy kor\u00e1bbi munk\u00e1j\u00e1ban 4 nap telik el, a nappali felv\u00e9telek ny\u00e1riak, az \u00e9jszakaiak viszont t\u00e9liek..<\/p>\n<p>httpvh:\/\/www.youtube.com\/watch?v=Cbbkj2GhDmo&amp;hd=1<\/p>\n<p>Egy\u00e9bk\u00e9nt mindk\u00e9t vide\u00f3ban felt\u0171nnek az ELTE L\u00e1gym\u00e1nyosi \u00e9p\u00fcletei is&#8230;<\/p>\n<p>A time lapse felv\u00e9telek k\u00e9sz\u00edt\u00e9si m\u00f3dszereir\u0151l\u00a0 az al\u00e1bbi oldalakon tov\u00e1bbi inform\u00e1ci\u00f3kat is megtal\u00e1lhatunk:<\/p>\n<ul>\n<li><a href=\"http:\/\/spottr.hu\/2009\/01\/16\/a-time-lapse-fotozasrol-irta-sirbali\/\">A time-lapse fot\u00f3z\u00e1sr\u00f3l \u2013 \u00edrta [Sir]Bali | spottr<\/a><\/li>\n<li><a href=\"http:\/\/www.hongkiat.com\/blog\/how-to-make-time-lapse-video-ultimate-guide\/\">How to Make Time-lapse Video &#8211; Ultimate Guide<\/a><\/li>\n<li><a href=\"http:\/\/timelapse.blog.hu\/\">time lapse blog<\/a><\/li>\n<\/ul>\n<p>&nbsp;<\/p>\n","protected":false},"excerpt":{"rendered":"<p>&#8222;A time lapse magyarra ford\u00edtva annyit tesz: id\u0151 m\u00fal\u00e1s. A mozg\u00f3k\u00e9pes szakm\u00e1n bel\u00fcl a time lapse f\u00e9nyk\u00e9pez\u00e9s egy olyan mozg\u00f3k\u00e9p r\u00f6gz\u00edt\u00e9si technol\u00f3gi\u00e1t jelent, amelyn\u00e9l az egym\u00e1st k\u00f6vet\u0151 k\u00e9pkock\u00e1kat lass\u00fa id\u0151k\u00f6z\u00f6nk\u00e9nt r\u00f6gz\u00edtj\u00fck, de val\u00f3s id\u0151ben j\u00e1tszuk vissza. P\u00e9ld\u00e1ul egy \u00f3ra alatt 25 fot\u00f3t csin\u00e1lunk egy reggeli f\u00e9nyben szirmait bontogat\u00f3 vir\u00e1gr\u00f3l, pontosan 4 percenk\u00e9nt r\u00f6gz\u00edt\u00fcnk teh\u00e1t egy &#8230;<\/p>\n<a href=\"https:\/\/abonyita.inf.elte.hu\/?p=676\" class=\"read-more-link\">Tov\u00e1bb olvasom  <span class=\"screen-reader-text\">\"\u00cdgy m\u00falik az id\u0151 Budapesten&#8230;\"<\/span> <span class=\"meta-nav\">&rarr;<\/span><\/a>","protected":false},"author":1,"featured_media":0,"comment_status":"open","ping_status":"open","sticky":false,"template":"","format":"standard","meta":{"footnotes":""},"categories":[5],"tags":[66],"class_list":["post-676","post","type-post","status-publish","format-standard","hentry","category-grafika","tag-time-lapse","penguin-post","penguin-post-not-sticky"],"_links":{"self":[{"href":"https:\/\/abonyita.inf.elte.hu\/index.php?rest_route=\/wp\/v2\/posts\/676","targetHints":{"allow":["GET"]}}],"collection":[{"href":"https:\/\/abonyita.inf.elte.hu\/index.php?rest_route=\/wp\/v2\/posts"}],"about":[{"href":"https:\/\/abonyita.inf.elte.hu\/index.php?rest_route=\/wp\/v2\/types\/post"}],"author":[{"embeddable":true,"href":"https:\/\/abonyita.inf.elte.hu\/index.php?rest_route=\/wp\/v2\/users\/1"}],"replies":[{"embeddable":true,"href":"https:\/\/abonyita.inf.elte.hu\/index.php?rest_route=%2Fwp%2Fv2%2Fcomments&post=676"}],"version-history":[{"count":18,"href":"https:\/\/abonyita.inf.elte.hu\/index.php?rest_route=\/wp\/v2\/posts\/676\/revisions"}],"predecessor-version":[{"id":695,"href":"https:\/\/abonyita.inf.elte.hu\/index.php?rest_route=\/wp\/v2\/posts\/676\/revisions\/695"}],"wp:attachment":[{"href":"https:\/\/abonyita.inf.elte.hu\/index.php?rest_route=%2Fwp%2Fv2%2Fmedia&parent=676"}],"wp:term":[{"taxonomy":"category","embeddable":true,"href":"https:\/\/abonyita.inf.elte.hu\/index.php?rest_route=%2Fwp%2Fv2%2Fcategories&post=676"},{"taxonomy":"post_tag","embeddable":true,"href":"https:\/\/abonyita.inf.elte.hu\/index.php?rest_route=%2Fwp%2Fv2%2Ftags&post=676"}],"curies":[{"name":"wp","href":"https:\/\/api.w.org\/{rel}","templated":true}]}}