{"id":660,"date":"2012-02-05T13:01:50","date_gmt":"2012-02-05T12:01:50","guid":{"rendered":"https:\/\/abonyita.inf.elte.hu\/?p=660"},"modified":"2012-02-05T13:06:06","modified_gmt":"2012-02-05T12:06:06","slug":"az-ik2011-kutatas-eredmenyei","status":"publish","type":"post","link":"https:\/\/abonyita.inf.elte.hu\/?p=660","title":{"rendered":"Az @IK2011 kutat\u00e1s eredm\u00e9nyei"},"content":{"rendered":"<p><img loading=\"lazy\" decoding=\"async\" class=\"alignright size-thumbnail wp-image-664\" title=\"DSC_0231\" src=\"https:\/\/abonyita.inf.elte.hu\/wp-content\/uploads\/2012\/02\/DSC_0231-150x150.jpg\" alt=\"\" width=\"150\" height=\"150\" \/>2012. febru\u00e1r 3-4. k\u00f6z\u00f6tt imm\u00e1ron <a href=\"http:\/\/blog.ollejanos.hu\/2012\/02\/02\/a-negyedik\/\">negyedik alkalommal<\/a> rendezt\u00e9k meg az <a href=\"http:\/\/oktinf.elte.hu\/konferencia2012\/\">Oktat\u00e1s-informatikai konferenci\u00e1t<\/a>, amelyre id\u00e9n is a megszokott, magas sz\u00ednvonal\u00fa program \u00e9s szervez\u00e9s volt jellemz\u0151.<\/p>\n<p>Az ELTE Informatikai Kara sz\u00e1mos el\u0151ad\u00e1ssal k\u00e9pviseltette mag\u00e1t. J\u00f3magam egy az ELTE IK hallgat\u00f3i k\u00f6z\u00f6tt 2011-ben v\u00e9gzett\u00a0 kutat\u00e1s eredm\u00e9nyeit mutattam be, amelynek prezent\u00e1ci\u00f3j\u00e1t az al\u00e1bbiakban meg is osztom az \u00e9rdekl\u0151d\u0151kkel.<\/p>\n<div class=\"prezi-player\"><!-- .prezi-player { width:490px; } .prezi-player-links { text-align: center; } --><object id=\"prezi_ouaua8kzeze_\" classid=\"clsid:D27CDB6E-AE6D-11cf-96B8-444553540000\" width=\"490\" height=\"356\" name=\"prezi_ouaua8kzeze_\"><param name=\"movie\" value=\"http:\/\/prezi.com\/bin\/preziloader.swf\" \/><param name=\"allowfullscreen\" value=\"true\" \/><param name=\"allowscriptaccess\" value=\"always\" \/><param name=\"bgcolor\" value=\"#ffffff\" \/><param name=\"flashvars\" value=\"prezi_id=ouaua8kzeze_&amp;lock_to_path=0&amp;color=ffffff&amp;autoplay=no&amp;autohide_ctrls=0\" \/><embed id=\"preziEmbed_ouaua8kzeze_\" type=\"application\/x-shockwave-flash\" width=\"490\" height=\"356\" src=\"http:\/\/prezi.com\/bin\/preziloader.swf\" name=\"preziEmbed_ouaua8kzeze_\" allowfullscreen=\"true\" allowscriptaccess=\"always\" bgcolor=\"#ffffff\" flashvars=\"prezi_id=ouaua8kzeze_&amp;lock_to_path=0&amp;color=ffffff&amp;autoplay=no&amp;autohide_ctrls=0\"><\/embed><\/object>&nbsp;<\/p>\n<div class=\"prezi-player-links\">\n<p><a title=\"Az @IK2011 kutat\u00e1s eredm\u00e9nyei\" href=\"http:\/\/prezi.com\/ouaua8kzeze_\/az-ik2011-kutatas-eredmenyei\/\">Az @IK2011 kutat\u00e1s eredm\u00e9nyei<\/a> on <a href=\"http:\/\/prezi.com\">Prezi<\/a><\/p>\n<\/div>\n<\/div>\n<p>K\u00fcl\u00f6n k\u00f6sz\u00f6n\u00f6m a hallgat\u00f3knak, hogy ilyen nagy sz\u00e1mban (N=275) kit\u00f6lt\u00f6tt\u00e9k a k\u00e9rd\u0151\u00edvet \u00e9s v\u00e1laszaikkal hozz\u00e1j\u00e1rultak a kutat\u00e1shoz.<\/p>\n","protected":false},"excerpt":{"rendered":"<p>2012. febru\u00e1r 3-4. k\u00f6z\u00f6tt imm\u00e1ron negyedik alkalommal rendezt\u00e9k meg az Oktat\u00e1s-informatikai konferenci\u00e1t, amelyre id\u00e9n is a megszokott, magas sz\u00ednvonal\u00fa program \u00e9s szervez\u00e9s volt jellemz\u0151. Az ELTE Informatikai Kara sz\u00e1mos el\u0151ad\u00e1ssal k\u00e9pviseltette mag\u00e1t. J\u00f3magam egy az ELTE IK hallgat\u00f3i k\u00f6z\u00f6tt 2011-ben v\u00e9gzett\u00a0 kutat\u00e1s eredm\u00e9nyeit mutattam be, amelynek prezent\u00e1ci\u00f3j\u00e1t az al\u00e1bbiakban meg is osztom az \u00e9rdekl\u0151d\u0151kkel. &nbsp; &#8230;<\/p>\n<a href=\"https:\/\/abonyita.inf.elte.hu\/?p=660\" class=\"read-more-link\">Tov\u00e1bb olvasom  <span class=\"screen-reader-text\">\"Az @IK2011 kutat\u00e1s eredm\u00e9nyei\"<\/span> <span class=\"meta-nav\">&rarr;<\/span><\/a>","protected":false},"author":1,"featured_media":0,"comment_status":"open","ping_status":"open","sticky":false,"template":"","format":"standard","meta":{"footnotes":""},"categories":[60],"tags":[62,63,61,64],"class_list":["post-660","post","type-post","status-publish","format-standard","hentry","category-konferencia","tag-ik-2011","tag-konferencia-2","tag-kutatas","tag-oktatasinformatika","penguin-post","penguin-post-not-sticky"],"_links":{"self":[{"href":"https:\/\/abonyita.inf.elte.hu\/index.php?rest_route=\/wp\/v2\/posts\/660","targetHints":{"allow":["GET"]}}],"collection":[{"href":"https:\/\/abonyita.inf.elte.hu\/index.php?rest_route=\/wp\/v2\/posts"}],"about":[{"href":"https:\/\/abonyita.inf.elte.hu\/index.php?rest_route=\/wp\/v2\/types\/post"}],"author":[{"embeddable":true,"href":"https:\/\/abonyita.inf.elte.hu\/index.php?rest_route=\/wp\/v2\/users\/1"}],"replies":[{"embeddable":true,"href":"https:\/\/abonyita.inf.elte.hu\/index.php?rest_route=%2Fwp%2Fv2%2Fcomments&post=660"}],"version-history":[{"count":8,"href":"https:\/\/abonyita.inf.elte.hu\/index.php?rest_route=\/wp\/v2\/posts\/660\/revisions"}],"predecessor-version":[{"id":668,"href":"https:\/\/abonyita.inf.elte.hu\/index.php?rest_route=\/wp\/v2\/posts\/660\/revisions\/668"}],"wp:attachment":[{"href":"https:\/\/abonyita.inf.elte.hu\/index.php?rest_route=%2Fwp%2Fv2%2Fmedia&parent=660"}],"wp:term":[{"taxonomy":"category","embeddable":true,"href":"https:\/\/abonyita.inf.elte.hu\/index.php?rest_route=%2Fwp%2Fv2%2Fcategories&post=660"},{"taxonomy":"post_tag","embeddable":true,"href":"https:\/\/abonyita.inf.elte.hu\/index.php?rest_route=%2Fwp%2Fv2%2Ftags&post=660"}],"curies":[{"name":"wp","href":"https:\/\/api.w.org\/{rel}","templated":true}]}}