{"id":571,"date":"2011-09-06T15:50:26","date_gmt":"2011-09-06T13:50:26","guid":{"rendered":"https:\/\/abonyita.inf.elte.hu\/?p=571"},"modified":"2011-09-08T08:27:15","modified_gmt":"2011-09-08T06:27:15","slug":"bevezetes-a-twitter-hasznalataba","status":"publish","type":"post","link":"https:\/\/abonyita.inf.elte.hu\/?p=571","title":{"rendered":"Bevezet\u00e9s a Twitter haszn\u00e1lat\u00e1ba"},"content":{"rendered":"<p>Az elm\u00falt f\u00e9l\u00e9vben (nem reprezentat\u00edv) kutat\u00e1st v\u00e9geztem az ELTE IK-s hallgat\u00f3k k\u00f6z\u00f6tt (@IK 2011 kutat\u00e1s, N=275), amelyben a k\u00f6z\u00f6ss\u00e9gi oldalak\u00a0 haszn\u00e1lat\u00e1ra vonatkoz\u00f3 k\u00e9rd\u00e9seket is feltettem.<\/p>\n<p><img loading=\"lazy\" decoding=\"async\" class=\"alignright size-thumbnail wp-image-573\" title=\"ik2011kutatas\" src=\"https:\/\/abonyita.inf.elte.hu\/wp-content\/uploads\/2011\/09\/ik2011kutatas-150x135.png\" alt=\"\" width=\"150\" height=\"135\" \/>A leggyakrabban haszn\u00e1lt k\u00f6z\u00f6ss\u00e9gi oldalak list\u00e1ja a visszajelz\u00e9sek alapj\u00e1n a k\u00f6vetkez\u0151 lett:<\/p>\n<ol>\n<li>Facebook (86%)<\/li>\n<li>Youtube (53%)<\/li>\n<li>Iwiw (35%)<\/li>\n<li>Windows Live (22%)<\/li>\n<li>MyVip (8%)<\/li>\n<li>Twitter(7%)<\/li>\n<\/ol>\n<p>L\u00e1tszik, hogy a Twittert a hallgat\u00f3k (csak) 7%-a jel\u00f6lte be.<\/p>\n<p>Egy m\u00e1sik k\u00e9rd\u00e9sben azt is megadhatt\u00e1k, hogy az egyes szolg\u00e1ltat\u00e1sokat milyen gyakran haszn\u00e1lj\u00e1k.<\/p>\n<p>Ebben a list\u00e1ban is szerepelt a Twitter, m\u00e9gpedig a k\u00f6vetkez\u0151 kateg\u00f3ri\u00e1kban:<\/p>\n<ul>\n<li>Mikroblog (Twitter, Tumblr, Plurk, stb. ) \u00fczenetek olvas\u00e1sa<\/li>\n<li>Mikroblog (Twitter, Tumblr, Plurk, stb. ) \u00fczenetek \u00edr\u00e1sa<\/li>\n<\/ul>\n<p>A haszn\u00e1lat gyakoris\u00e1g\u00e1t 5 fokozat\u00fa Likert-sk\u00e1l\u00e1n lehetett megadni, ahol az 1 jelentette azt, hogy nem haszn\u00e1lj\u00e1k az adott szolg\u00e1ltat\u00e1st, az 5 pedig azt, hogy naponta.<\/p>\n<p>Az \u00e1tlagos \u00e9rt\u00e9k a fenti kateg\u00f3ri\u00e1kban 1,56 illetve 1,31 lett.<\/p>\n<p><a href=\"http:\/\/bit.ly\/oJpiH2\"><img loading=\"lazy\" decoding=\"async\" class=\"size-medium wp-image-575 alignleft\" style=\"margin-left: 10px; margin-right: 10px;\" title=\"bevtwitter\" src=\"https:\/\/abonyita.inf.elte.hu\/wp-content\/uploads\/2011\/09\/bevtwitter1-212x300.png\" alt=\"A jegyzet c\u00edmlapja\" width=\"212\" height=\"300\" \/><\/a>L\u00e1that\u00f3 teh\u00e1t, hogy a megk\u00e9rdezettek t\u00f6bbs\u00e9ge nem igaz\u00e1n \u00e9l a Mikroblogok (k\u00f6zt\u00fck a Twitter) \u00e1ltal ny\u00fajtott lehet\u0151s\u00e9gekkel.<\/p>\n<p>Pedig a Twitter egy remek csatorna arra, hogy a friss, szakmai anyagokkal kapcsolatos linkekhez, h\u00edrekhez, inform\u00e1ci\u00f3khoz is hozz\u00e1juthassunk.<\/p>\n<p>Hogy min\u00e9l t\u00f6bben kipr\u00f3b\u00e1lj\u00e1k (\u00e9s tal\u00e1n megszeress\u00e9k) a szolg\u00e1ltat\u00e1st, elk\u00e9sz\u00fclt a &#8222;<a href=\"http:\/\/bit.ly\/oJpiH2 \" target=\"_blank\">Bevezet\u00e9s a Twitter haszn\u00e1lat\u00e1ba<\/a>&#8221; c\u00edm\u0171 seg\u00e9danyag, amit aj\u00e1nlok a hallgat\u00f3im figyelm\u00e9be, mert nem elk\u00e9pzelhetetlen, hogy egyes beadand\u00f3kat mostant\u00f3l ezen a csatorn\u00e1n fogok begy\u0171jteni \ud83d\ude42 .<\/p>\n","protected":false},"excerpt":{"rendered":"<p>Az elm\u00falt f\u00e9l\u00e9vben (nem reprezentat\u00edv) kutat\u00e1st v\u00e9geztem az ELTE IK-s hallgat\u00f3k k\u00f6z\u00f6tt (@IK 2011 kutat\u00e1s, N=275), amelyben a k\u00f6z\u00f6ss\u00e9gi oldalak\u00a0 haszn\u00e1lat\u00e1ra vonatkoz\u00f3 k\u00e9rd\u00e9seket is feltettem. A leggyakrabban haszn\u00e1lt k\u00f6z\u00f6ss\u00e9gi oldalak list\u00e1ja a visszajelz\u00e9sek alapj\u00e1n a k\u00f6vetkez\u0151 lett: Facebook (86%) Youtube (53%) Iwiw (35%) Windows Live (22%) MyVip (8%) Twitter(7%) L\u00e1tszik, hogy a Twittert a hallgat\u00f3k &#8230;<\/p>\n<a href=\"https:\/\/abonyita.inf.elte.hu\/?p=571\" class=\"read-more-link\">Tov\u00e1bb olvasom  <span class=\"screen-reader-text\">\"Bevezet\u00e9s a Twitter haszn\u00e1lat\u00e1ba\"<\/span> <span class=\"meta-nav\">&rarr;<\/span><\/a>","protected":false},"author":1,"featured_media":0,"comment_status":"open","ping_status":"open","sticky":false,"template":"","format":"standard","meta":{"footnotes":""},"categories":[40],"tags":[53,52,51,57,56],"class_list":["post-571","post","type-post","status-publish","format-standard","hentry","category-web","tag-ik-2011-kutatas","tag-segedanyag","tag-twitter","tag-twitter-hasznalat","tag-twitter-leiras","penguin-post","penguin-post-not-sticky"],"_links":{"self":[{"href":"https:\/\/abonyita.inf.elte.hu\/index.php?rest_route=\/wp\/v2\/posts\/571","targetHints":{"allow":["GET"]}}],"collection":[{"href":"https:\/\/abonyita.inf.elte.hu\/index.php?rest_route=\/wp\/v2\/posts"}],"about":[{"href":"https:\/\/abonyita.inf.elte.hu\/index.php?rest_route=\/wp\/v2\/types\/post"}],"author":[{"embeddable":true,"href":"https:\/\/abonyita.inf.elte.hu\/index.php?rest_route=\/wp\/v2\/users\/1"}],"replies":[{"embeddable":true,"href":"https:\/\/abonyita.inf.elte.hu\/index.php?rest_route=%2Fwp%2Fv2%2Fcomments&post=571"}],"version-history":[{"count":17,"href":"https:\/\/abonyita.inf.elte.hu\/index.php?rest_route=\/wp\/v2\/posts\/571\/revisions"}],"predecessor-version":[{"id":602,"href":"https:\/\/abonyita.inf.elte.hu\/index.php?rest_route=\/wp\/v2\/posts\/571\/revisions\/602"}],"wp:attachment":[{"href":"https:\/\/abonyita.inf.elte.hu\/index.php?rest_route=%2Fwp%2Fv2%2Fmedia&parent=571"}],"wp:term":[{"taxonomy":"category","embeddable":true,"href":"https:\/\/abonyita.inf.elte.hu\/index.php?rest_route=%2Fwp%2Fv2%2Fcategories&post=571"},{"taxonomy":"post_tag","embeddable":true,"href":"https:\/\/abonyita.inf.elte.hu\/index.php?rest_route=%2Fwp%2Fv2%2Ftags&post=571"}],"curies":[{"name":"wp","href":"https:\/\/api.w.org\/{rel}","templated":true}]}}