{"id":549,"date":"2011-07-11T08:38:03","date_gmt":"2011-07-11T06:38:03","guid":{"rendered":"https:\/\/abonyita.inf.elte.hu\/?p=549"},"modified":"2011-07-11T08:48:56","modified_gmt":"2011-07-11T06:48:56","slug":"jel-lelo-jelnyelvi-szotar-siketvak-jelekkel","status":"publish","type":"post","link":"https:\/\/abonyita.inf.elte.hu\/?p=549","title":{"rendered":"Jel-lel\u0151 jelnyelvi sz\u00f3t\u00e1r siketvak jelekkel"},"content":{"rendered":"<p style=\"text-align: center;\"><a href=\"https:\/\/abonyita.inf.elte.hu\/wp-content\/uploads\/2011\/07\/jellelo_logo.png\"><img loading=\"lazy\" decoding=\"async\" class=\"size-full wp-image-550 aligncenter\" title=\"jellelo_logo\" src=\"https:\/\/abonyita.inf.elte.hu\/wp-content\/uploads\/2011\/07\/jellelo_logo.png\" alt=\"Jel-lel\u0151 log\u00f3\" width=\"340\" height=\"80\" srcset=\"https:\/\/abonyita.inf.elte.hu\/wp-content\/uploads\/2011\/07\/jellelo_logo.png 340w, https:\/\/abonyita.inf.elte.hu\/wp-content\/uploads\/2011\/07\/jellelo_logo-300x71.png 300w\" sizes=\"auto, (max-width: 599px) calc(100vw - 50px), (max-width: 767px) calc(100vw - 70px), (max-width: 991px) 429px, (max-width: 1199px) 637px, 354px\" \/><\/a><\/p>\n<p>A <a href=\"http:\/\/www.fszk.hu\/\" target=\"_blank\">Fogyat\u00e9kos Szem\u00e9lyek Es\u00e9lyegyenl\u0151s\u00e9g\u00e9\u00e9rt K\u00f6zalap\u00edtv\u00e1ny<\/a> Akad\u00e1lymentes\u00edt\u00e9si Programirod\u00e1ja a <em>T\u00c1MOP 5.4.5. \u201eA fizikai- \u00e9s info-kommunik\u00e1ci\u00f3s akad\u00e1lymentes\u00edt\u00e9s szakmai h\u00e1tter\u00e9nek kialak\u00edt\u00e1sa\u201d c\u00edm\u0171 kiemelt projektj\u00e9nek<\/em> keret\u00e9ben sz\u00fcks\u00e9gesnek tartotta, hogy biztos\u00edtsa egy speci\u00e1lis,  interneten el\u00e9rhet\u0151 jelnyelvi sz\u00f3t\u00e1r kifejleszt\u00e9s\u00e9t, amelyet a siketvak  emberek, hozz\u00e1tartoz\u00f3ik, a vel\u00fck foglalkoz\u00f3 szakemberek, valamint minden  \u00e9rdekl\u0151d\u0151 eredm\u00e9nyesen haszn\u00e1lhat.<\/p>\n<h2>A siketvaks\u00e1g fogalma<\/h2>\n<p>Siketvaknak azokat a szem\u00e9lyeket nevezz\u00fck, akiknek l\u00e1t\u00e1s- \u00e9s  hall\u00e1ss\u00e9r\u00fcl\u00e9se egyidej\u0171leg fenn\u00e1ll, \u00e9s ez\u00e9rt csak speci\u00e1lis m\u00f3dszerekkel  lehet vel\u00fck felvenni a kapcsolatot, a kommunik\u00e1ci\u00f3t kialak\u00edtani,  fenntartani. Oktat\u00e1sukban is saj\u00e1tos m\u00f3dszereket kell alkalmazni.<\/p>\n<p>A  siketvak kifejez\u00e9s nem felt\u00e9tlen\u00fcl jelenti azt, hogy valaki teljesen  siket \u00e9s teljesen vak, hanem ide soroljuk azokat is, akiknek ugyan van  l\u00e1t\u00e1s- vagy hall\u00e1smaradv\u00e1nya, de t\u00e1mogat\u00e1suk, fejleszt\u00e9s\u00fck \u00e9s  kommunik\u00e1ci\u00f3juk csak a k\u00e9t s\u00e9r\u00fcl\u00e9s egy\u00fcttes jelenl\u00e9t\u00e9nek  figyelembev\u00e9tel\u00e9vel k\u00e9pzelhet\u0151 el. A vel\u00fck val\u00f3 foglalkoz\u00e1s sor\u00e1n a  sz\u00e1mukra szervezett seg\u00edts\u00e9gny\u00fajt\u00e1s (tolm\u00e1csol\u00e1s, k\u00eds\u00e9r\u00e9s, szem\u00e9lyi  seg\u00edt\u00e9s) is csak a kett\u0151s s\u00e9r\u00fcl\u00e9s figyelembev\u00e9tel\u00e9vel szervezhet\u0151 meg.<\/p>\n<p>Forr\u00e1s: <a href=\"http:\/\/www.siketvak.hu\/index.php?option=com_content&amp;view=article&amp;id=48&amp;Itemid=70&amp;lang=hu\" target=\"_blank\">www.siketvak.hu<\/a><\/p>\n<h2>A Jel-lel\u0151 port\u00e1l<\/h2>\n<p>&nbsp;<\/p>\n<p><a href=\"https:\/\/abonyita.inf.elte.hu\/wp-content\/uploads\/2011\/07\/jellelo_kk.png\"><img loading=\"lazy\" decoding=\"async\" class=\"aligncenter size-full wp-image-552\" title=\"jellelo_kk\" src=\"https:\/\/abonyita.inf.elte.hu\/wp-content\/uploads\/2011\/07\/jellelo_kk.png\" alt=\"Jel-lel\u0151 port\u00e1l k\u00e9perny\u0151k\u00e9pe\" width=\"500\" height=\"359\" srcset=\"https:\/\/abonyita.inf.elte.hu\/wp-content\/uploads\/2011\/07\/jellelo_kk.png 500w, https:\/\/abonyita.inf.elte.hu\/wp-content\/uploads\/2011\/07\/jellelo_kk-300x215.png 300w\" sizes=\"auto, (max-width: 599px) calc(100vw - 50px), (max-width: 767px) calc(100vw - 70px), (max-width: 991px) 429px, (max-width: 1199px) 637px, 354px\" \/><\/a><\/p>\n<p>A <a href=\"http:\/\/jellelo.hu\" target=\"_blank\"><strong>Jel-lel\u0151<\/strong>, azaz a siketvak emberek sz\u00f3t\u00e1ra<\/a> azokat a  speci\u00e1lis jeleket tartalmazza, melyet a siketvak gyermekek \u00e9s feln\u0151ttek  alkalmaznak. A jelkincs t\u00e9mak\u00f6r\u00f6kbe lett szervezve a k\u00f6nnyebb  haszn\u00e1lhat\u00f3s\u00e1g \u00e9rdek\u00e9ben. Az oldalon a  fogalmakat \u00e1b\u00e9c\u00e9 sorrendben is el\u00e9rhetj\u00fck, de szabadszavas keres\u0151t is haszn\u00e1lhatunk.<\/p>\n<p><a href=\"https:\/\/abonyita.inf.elte.hu\/wp-content\/uploads\/2011\/07\/daktildt.png\"><img loading=\"lazy\" decoding=\"async\" class=\"alignleft size-full wp-image-562\" style=\"margin-left: 10px; margin-right: 10px;\" title=\"daktildt\" src=\"https:\/\/abonyita.inf.elte.hu\/wp-content\/uploads\/2011\/07\/daktildt.png\" alt=\"Daktil \u00e1tv\u00e1lt\u00e1s teny\u00e9rbe\" width=\"148\" height=\"54\" \/><\/a>Az adott kifejez\u00e9s jelnyelvi vide\u00f3ja alatt a daktil jeleket is el\u0151h\u00edvhatjuk, s\u0151t a daktil \u00e1b\u00e9c\u00e9 teny\u00e9rbe jelelt v\u00e1ltozat\u00e1t is megtekinthetj\u00fck.<\/p>\n<p>A port\u00e1l el\u0151nye, hogy a vide\u00f3k lass\u00edtva is megtekinthet\u0151k, \u00e9s t\u00f6bbf\u00e9le form\u00e1tumban is let\u00f6lthet\u0151k.<\/p>\n<p><a href=\"https:\/\/abonyita.inf.elte.hu\/wp-content\/uploads\/2011\/07\/jelelo_videotar.png\"><img loading=\"lazy\" decoding=\"async\" class=\"alignright size-full wp-image-561\" title=\"jelelo_videotar\" src=\"https:\/\/abonyita.inf.elte.hu\/wp-content\/uploads\/2011\/07\/jelelo_videotar.png\" alt=\"\" width=\"248\" height=\"228\" \/><\/a>Az igazi k\u00fcl\u00f6nlegess\u00e9g\u00e9t azonban a vide\u00f3t\u00e1r jelenti. A vide\u00f3t\u00e1rba elhelyezhet\u0151k azon vide\u00f3k, amelyeket egym\u00e1s ut\u00e1n szeretn\u00e9nk megtekinteni.<\/p>\n<p>Ezt a funkci\u00f3t a jelnyelvi oktat\u00f3k bizony\u00e1ra el\u0151szeretettel haszn\u00e1lj\u00e1k majd az oktat\u00e1s sor\u00e1n, de a\u00a0 siketvak jelnyelvet tanul\u00f3k \u00f6n\u00e1ll\u00f3 gyakorl\u00e1s\u00e1t is megk\u00f6nny\u00edthetik.\u00a0 Mivel az oldal webc\u00edm\u00e9ben l\u00e1that\u00f3, hogy a vide\u00f3t\u00e1rba mely vide\u00f3k lettek elhelyezve, az adott webc\u00edmet a kedvencekbe rakva, vagy egy\u00e9b m\u00f3don elt\u00e1rolva lehet\u0151s\u00e9g van a gyakori sz\u00f3kapcsolatok, kifejez\u00e9sek elment\u00e9s\u00e9re, \u00e9s azok egyszer\u0171 \u00fajb\u00f3li megtekint\u00e9s\u00e9re.<\/p>\n<p>A vide\u00f3k sorrendj\u00e9t egyszer\u0171 &#8222;fogd \u00e9s vidd&#8221; m\u00f3dszerrel m\u00f3dos\u00edthatjuk.<\/p>\n<p>Az oldal m\u0171k\u00f6dtet\u00e9s\u00e9vel nem titkolt c\u00e9lja az <a href=\"http:\/\/www.fszk.hu\/\" target=\"_blank\">FSZK<\/a>-nak, hogy a siketvak szem\u00e9lyekkel  foglalkoz\u00f3 szakembereknek, \u00e9rdekl\u0151d\u0151knek egy k\u00f6z\u00f6s fel\u00fcletet  biztos\u00edtson a legfrissebb inform\u00e1ci\u00f3k k\u00f6zz\u00e9t\u00e9tel\u00e9hez, a szakmai  kommunik\u00e1ci\u00f3 \u00e9s egy k\u00f6z\u00f6ss\u00e9g l\u00e9trehoz\u00e1s\u00e1hoz. Erre a l\u00e1tottak alapj\u00e1n minden es\u00e9lye megvan&#8230;<\/p>\n<p>&nbsp;<\/p>\n","protected":false},"excerpt":{"rendered":"<p>A Fogyat\u00e9kos Szem\u00e9lyek Es\u00e9lyegyenl\u0151s\u00e9g\u00e9\u00e9rt K\u00f6zalap\u00edtv\u00e1ny Akad\u00e1lymentes\u00edt\u00e9si Programirod\u00e1ja a T\u00c1MOP 5.4.5. \u201eA fizikai- \u00e9s info-kommunik\u00e1ci\u00f3s akad\u00e1lymentes\u00edt\u00e9s szakmai h\u00e1tter\u00e9nek kialak\u00edt\u00e1sa\u201d c\u00edm\u0171 kiemelt projektj\u00e9nek keret\u00e9ben sz\u00fcks\u00e9gesnek tartotta, hogy biztos\u00edtsa egy speci\u00e1lis, interneten el\u00e9rhet\u0151 jelnyelvi sz\u00f3t\u00e1r kifejleszt\u00e9s\u00e9t, amelyet a siketvak emberek, hozz\u00e1tartoz\u00f3ik, a vel\u00fck foglalkoz\u00f3 szakemberek, valamint minden \u00e9rdekl\u0151d\u0151 eredm\u00e9nyesen haszn\u00e1lhat. A siketvaks\u00e1g fogalma Siketvaknak azokat a szem\u00e9lyeket nevezz\u00fck, &#8230;<\/p>\n<a href=\"https:\/\/abonyita.inf.elte.hu\/?p=549\" class=\"read-more-link\">Tov\u00e1bb olvasom  <span class=\"screen-reader-text\">\"Jel-lel\u0151 jelnyelvi sz\u00f3t\u00e1r siketvak jelekkel\"<\/span> <span class=\"meta-nav\">&rarr;<\/span><\/a>","protected":false},"author":1,"featured_media":0,"comment_status":"open","ping_status":"open","sticky":false,"template":"","format":"standard","meta":{"footnotes":""},"categories":[23],"tags":[49,50],"class_list":["post-549","post","type-post","status-publish","format-standard","hentry","category-akadalymentesites","tag-jelnyelv","tag-siketvak","penguin-post","penguin-post-not-sticky"],"_links":{"self":[{"href":"https:\/\/abonyita.inf.elte.hu\/index.php?rest_route=\/wp\/v2\/posts\/549","targetHints":{"allow":["GET"]}}],"collection":[{"href":"https:\/\/abonyita.inf.elte.hu\/index.php?rest_route=\/wp\/v2\/posts"}],"about":[{"href":"https:\/\/abonyita.inf.elte.hu\/index.php?rest_route=\/wp\/v2\/types\/post"}],"author":[{"embeddable":true,"href":"https:\/\/abonyita.inf.elte.hu\/index.php?rest_route=\/wp\/v2\/users\/1"}],"replies":[{"embeddable":true,"href":"https:\/\/abonyita.inf.elte.hu\/index.php?rest_route=%2Fwp%2Fv2%2Fcomments&post=549"}],"version-history":[{"count":16,"href":"https:\/\/abonyita.inf.elte.hu\/index.php?rest_route=\/wp\/v2\/posts\/549\/revisions"}],"predecessor-version":[{"id":568,"href":"https:\/\/abonyita.inf.elte.hu\/index.php?rest_route=\/wp\/v2\/posts\/549\/revisions\/568"}],"wp:attachment":[{"href":"https:\/\/abonyita.inf.elte.hu\/index.php?rest_route=%2Fwp%2Fv2%2Fmedia&parent=549"}],"wp:term":[{"taxonomy":"category","embeddable":true,"href":"https:\/\/abonyita.inf.elte.hu\/index.php?rest_route=%2Fwp%2Fv2%2Fcategories&post=549"},{"taxonomy":"post_tag","embeddable":true,"href":"https:\/\/abonyita.inf.elte.hu\/index.php?rest_route=%2Fwp%2Fv2%2Ftags&post=549"}],"curies":[{"name":"wp","href":"https:\/\/api.w.org\/{rel}","templated":true}]}}