{"id":395,"date":"2011-02-08T10:56:42","date_gmt":"2011-02-08T09:56:42","guid":{"rendered":"https:\/\/abonyita.inf.elte.hu\/?p=395"},"modified":"2011-02-08T10:56:42","modified_gmt":"2011-02-08T09:56:42","slug":"az-omhv-ertekelesek-margojara","status":"publish","type":"post","link":"https:\/\/abonyita.inf.elte.hu\/?p=395","title":{"rendered":"Az OMHV \u00e9rt\u00e9kel\u00e9sek marg\u00f3j\u00e1ra"},"content":{"rendered":"<p>Ebben a f\u00e9l\u00e9vben is lezajlott az OMHV (Oktat\u00f3i munka hallgat\u00f3i v\u00e9lem\u00e9nyez\u00e9se) k\u00e9rd\u0151\u00edvek feldolgoz\u00e1sa.\u00a0 A <a href=\"http:\/\/minoseg.elte.hu\/hir?id=NW-138\">statisztika <\/a>alapj\u00e1n ism\u00e9t az Informatikai Karon t\u00f6lt\u00f6tt\u00e9k ki legnagyobb ar\u00e1nyban a k\u00e9rd\u0151\u00edveket, amelynek szem\u00e9ly szerint nagyon \u00f6r\u00fcl\u00f6k. Fontos, hogy\u00a0 a hallgat\u00f3k v\u00e9lem\u00e9nye\u00a0 eljuthasson az oktat\u00f3khoz, illetve az is term\u00e9szetes,\u00a0 hogy t\u00e1rgyfelv\u00e9tel el\u0151tt a hallgat\u00f3k t\u00e1j\u00e9koz\u00f3dni szeretn\u00e9nek az adott t\u00e1rggyal\/oktat\u00f3val kapcsolatban. Ezeket mind seg\u00edthetn\u00e9 az OMHV \u00e9rt\u00e9kel\u00e9s.<\/p>\n<p>Az OMHV \u00e9rt\u00e9kel\u00e9sre (t\u00f6bbek k\u00f6z\u00f6tt) az al\u00e1bbiak igazak:<\/p>\n<ul>\n<li>csak az \u00e9rt\u00e9kelhet, aki t\u00e9nyleg feliratkozott a kurzusra,<\/li>\n<li>csak az \u00e9rt\u00e9kelhet, aki (bevall\u00e1sa alapj\u00e1n) az \u00f3r\u00e1k legal\u00e1bb fel\u00e9n jelen volt,<\/li>\n<li>az \u00e9rt\u00e9kel\u00e9s akkor \u00e9rv\u00e9nyes, ha az \u00f3r\u00e1t felvettek legal\u00e1bb 25%-a\u00a0 \u00e9rv\u00e9nyes k\u00e9rd\u0151\u00edvet t\u00f6lt\u00f6tt ki.<\/li>\n<\/ul>\n<p>A statisztik\u00e1t tartalmaz\u00f3 oldal alj\u00e1n kiemelten szerepel a k\u00f6vetkez\u0151 mondat:<\/p>\n<p><em>&#8222;Az OMHV \u00e9rt\u00e9kel\u00e9sek \u2013 amennyiben ahhoz az oktat\u00f3 az ETR-en kereszt\u00fcl hozz\u00e1j\u00e1rul \u2013 az ETR-ben a kurzusk\u00edn\u00e1laton, illetve a kurzus inform\u00e1ci\u00f3n kereszt\u00fcl megtekinthet\u0151ek lesznek.&#8221;<\/em><\/p>\n<p>Ez a mondat kicsit f\u00e9lrevezet\u0151. \u00dagy t\u0171nik, mintha csak az oktat\u00f3n m\u00falna, hogy mely k\u00e9rd\u0151\u00edveket teszi publikuss\u00e1. Ahol j\u00f3 \u00e9rt\u00e9kel\u00e9st kapott azt igen, ahol nem, azt nem. Nyilv\u00e1n ez a sztereot\u00edpia \u00e9l sokakban. De ez nem teljesen \u00edgy van.<\/p>\n<div id=\"attachment_409\" style=\"width: 145px\" class=\"wp-caption alignright\"><img loading=\"lazy\" decoding=\"async\" aria-describedby=\"caption-attachment-409\" class=\"size-full wp-image-409\" title=\"omhv\" src=\"https:\/\/abonyita.inf.elte.hu\/wp-content\/uploads\/2011\/02\/omhv.png\" alt=\"R\u00e9szlet az ETR-b\u0151l\" width=\"135\" height=\"142\" \/><p id=\"caption-attachment-409\" class=\"wp-caption-text\">R\u00e9szlet az ETR-b\u0151l<\/p><\/div>\n<p>Ebben a f\u00e9l\u00e9vben 4 kurzusomn\u00e1l van \u00e9rt\u00e9kelhet\u0151 k\u00e9rd\u0151\u00edv, amit nagyon k\u00f6sz\u00f6n\u00f6k azoknak, akik id\u0151t nem k\u00edm\u00e9lve v\u00e1laszoltak a k\u00e9rd\u00e9sekre. A n\u00e9gy k\u00e9rd\u0151\u00edvb\u0151l \u00f6sszesen egyet(!) engedett publik\u00e1lni az ETR.\u00a0 Hogy mi\u00e9rt? Mert a marad\u00e9k h\u00e1rom \u00fagynevezett t\u00f6bboktat\u00f3s kurzus, ami p\u00e9ld\u00e1ul azt jelenti, hogy m\u00e1s tartja az el\u0151ad\u00e1st \u00e9s m\u00e1s a gyakorlatot.<\/p>\n<p>Ezen \u00f3r\u00e1k eset\u00e9n ugyan a hallgat\u00f3k kit\u00f6lthetik a k\u00e9rd\u0151\u00edvet, de azokat az ETR-ben nem lehet publik\u00e1lni, l\u00e1sd a szab\u00e1lyzat megfelel\u0151 r\u00e9sz\u00e9t:<\/p>\n<p><em>&#8222;A Min\u0151s\u00e9gfejleszt\u00e9si Szab\u00e1lyzat \u00e9rtelm\u00e9ben a hallgat\u00f3knak lehet\u0151s\u00e9g\u00fck van azon kurzusaikat is v\u00e9lem\u00e9nyezni, melyeket t\u00f6bb oktat\u00f3 tartott. Technikai okokb\u00f3l jelenleg ezen kurzusok \u00e9rt\u00e9kel\u00e9se is egy k\u00f6z\u00f6s k\u00e9rd\u0151\u00edvvel t\u00f6rt\u00e9nik, ami kis m\u00e9rt\u00e9kben elt\u00e9r a kor\u00e1bbi k\u00e9rd\u0151\u00edvt\u0151l, t\u00f6bb nyitott k\u00e9rd\u00e9st tartalmaz. Az egy oktat\u00f3 \u00e1ltal tartott kurzusokt\u00f3l elt\u00e9r\u0151en ezen kurzusok OMHV jegyz\u0151k\u00f6nyvei az ETR-ben nem publik\u00e1lhat\u00f3ak, a v\u00e9lem\u00e9nyek c\u00e9lja els\u0151sorban az, hogy az \u00e9rintett oktat\u00f3k is kaphassanak visszajelz\u00e9st kurzusaikr\u00f3l.&#8221;<\/em><\/p>\n<p>Persze a visszajelz\u00e9s nagyon fontos az oktat\u00f3nak, de nyilv\u00e1n az is el\u0151ny\u00f6s lenne, ha ezen k\u00e9rd\u0151\u00edveket is publik\u00e1lni lehetne.<\/p>\n<p>Nem rendelkezem kari, vagy egyetemi szint\u0171 statisztik\u00e1kkal arr\u00f3l, hogy \u00edgy a k\u00e9rd\u0151\u00edvek h\u00e1ny sz\u00e1zal\u00e9ka nem ker\u00fclhet publik\u00e1l\u00e1sra.\u00a0 A saj\u00e1t \u00f3r\u00e1imra vonatkoz\u00f3 (ut\u00f3bbi 2 f\u00e9l\u00e9ves) kit\u00f6lt\u00e9sek alapj\u00e1n az l\u00e1tszik, hogy csak a kit\u00f6lt\u00f6tt k\u00e9rd\u0151\u00edvek 33%-\u00e1t <strong><em>tehettem <\/em><\/strong>publikuss\u00e1.<\/p>\n<p>Felmer\u00fcl a k\u00e9rd\u00e9s, hogy ilyen felt\u00e9telekkel t\u00e9nyleg bet\u00f6ltheti-e a c\u00e9lj\u00e1t ez az \u00e9rt\u00e9kel\u00e9si m\u00f3d? A t\u00e1rgyak t\u00f6bbs\u00e9g\u00e9ben az el\u0151ad\u00e1st \u00e9s a gyakorlatot nem ugyanaz a szem\u00e9ly tartja, ez\u00e9rt j\u00f3 lenne megoldani, hogy a kett\u0151t k\u00fcl\u00f6n lehessen \u00e9rt\u00e9kelni.\u00a0 Vagy lehet\u0151s\u00e9get lehetne adni arra, hogy az el\u0151ad\u00f3nak \u00e9s a gyakorlatvezet\u0151nek is megjelenjen a megfelel\u0151 publik\u00e1l\u00e1si gomb, \u00e9s ha mindketten enged\u00e9lyezt\u00e9k a publik\u00e1l\u00e1st, akkor az t\u00e9nyleg el\u00e9rhet\u0151v\u00e9 v\u00e1ljon az ETR-ben.<\/p>\n<p>Engem az sem zavarna, ha nem kellene k\u00fcl\u00f6n nyilatkoznom arr\u00f3l, hogy az \u00e9rt\u00e9kel\u00e9s publik\u00e1l\u00e1sra ker\u00fclhessen, ez automatikusan megt\u00f6rt\u00e9nne, vagy ha m\u00e1r mindenk\u00e9ppen r\u00e1 kell nyomni egy gombra, akkor azt akkor kelljen megtenni, ha valaki nem akarja az eredm\u00e9nyt publik\u00e1lni. \u00cdgy minimaliz\u00e1lni lehetne, ha valaki\u00a0\u00a0 \u00e9rdektelens\u00e9gb\u0151l, vagy feled\u00e9kenys\u00e9gb\u0151l nem publik\u00e1ln\u00e1 a\u00a0 k\u00e9rd\u0151\u00edvet. (Ez ut\u00f3bbi sajnos velem is el\u0151fordult, az eredm\u00e9nyr\u0151l akkor kapunk \u00e9rtes\u00edt\u00e9st, amikor az \u00faj f\u00e9l\u00e9vre val\u00f3 felk\u00e9sz\u00fcl\u00e9s miatt\u00a0 egyszerre nagyon sok dologgal kell foglalkozni, ez\u00e9rt ha azonnal nem publik\u00e1lja valaki a k\u00e9rd\u0151\u00edvet, f\u00e9l\u0151, hogy k\u00e9s\u0151bb elfelejti azt.)<\/p>\n<p>Persze a hallgat\u00f3knak rendelkez\u00e9sre \u00e1llnak alternat\u00edv \u00e9rt\u00e9kel\u00e9si m\u00f3dszerek is. Ha v\u00e9lem\u00e9nyezni szeretn\u00e9k az oktat\u00f3t, t\u00f6bb port\u00e1lon megtehetik n\u00e9vtelen\u00fcl is, \u00edgy amit az OMHV nem biztos\u00edt sz\u00e1mukra, megkapj\u00e1k m\u00e1shol. Persze az is k\u00e9rd\u00e9s, hogy t\u00e9nyleg azt kapj\u00e1k-e, amit v\u00e1rnak? \u00c9s vajon az oktat\u00f3 tud-e a nyilv\u00e1nos, b\u00e1rki \u00e1ltal szabadon kit\u00f6lthet\u0151 \u00e9rt\u00e9kel\u00e9sekb\u0151l profit\u00e1lni? Sajnos nem mindegyikb\u0151l.<\/p>\n<p>A nyilv\u00e1nosan el\u00e9rhet\u0151, egyetemi oktat\u00f3kat \u00e9rt\u00e9kel\u0151 oldalakon napi szinten t\u00f6rt\u00e9nik az eredm\u00e9nyek manipul\u00e1l\u00e1sa. Erre akkor d\u00f6bbentem r\u00e1, amikor az egyik ilyen port\u00e1lon az \u00e1tlagaim nem stimmeltek a konkr\u00e9t \u00e9rt\u00e9kel\u00e9sek alapj\u00e1n. \u00cdrtam az \u00fczemeltet\u0151nek, hogy ez mi\u00e9rt lehet? A v\u00e1lasz az volt, hogy vannak olyan felhaszn\u00e1l\u00f3k, akik m\u00f3dszeresen leh\u00fazz\u00e1k a (k\u00fcl\u00f6nb\u00f6z\u0151 kateg\u00f3ri\u00e1k list\u00e1j\u00e1ban el\u0151l \u00e1ll\u00f3) tan\u00e1roknak, \u00edgy amikor (<em>gondolom IP c\u00edm alapj\u00e1n<\/em>) ut\u00f3lag t\u00f6rlik ezeket az \u00e9rt\u00e9kel\u00e9seket, az \u00e1tlag ut\u00e1na m\u00e1r nem a val\u00f3s \u00e9rt\u00e9ket mutatja.<\/p>\n<p>Ez\u00e9rt is \u00e9rdemes a regisztr\u00e1lt felhaszn\u00e1l\u00f3k \u00e1ltal adott, illetve a sz\u00f6veges \u00e9rt\u00e9kel\u00e9st is tartalmaz\u00f3 v\u00e9lem\u00e9nyekre adni, a t\u00f6bbit pedig &#8211; ha m\u00e1r \u00edgy m\u0171k\u00f6dik a rendszer &#8211; fenntart\u00e1sokkal kezelni.<\/p>\n<p>De persze ezen manipul\u00e1l\u00e1sok hat\u00e1sa is egyre jelent\u00e9ktelenebb\u00e9 v\u00e1lik, ha sokan t\u00e9rnek \u00e1t az alternat\u00edv \u00e9rt\u00e9kel\u00e9si m\u00f3dszerekre. Ha \u00edgy zajlik tov\u00e1bbra is az OMHV, akkor val\u00f3sz\u00edn\u0171leg\u00a0 ez\u00a0 hamar be fog k\u00f6vetkezni. Ami nagy k\u00e1r, mert k\u00e9ts\u00e9g k\u00edv\u00fcl el\u0151ny\u00f6sebb lenne az \u00e9rt\u00e9kel\u00e9seket &#8211; a megb\u00edzhat\u00f3s\u00e1g miatt &#8211; int\u00e9zm\u00e9nyen bel\u00fcl k\u00e9sz\u00edteni.<\/p>\n","protected":false},"excerpt":{"rendered":"<p>Ebben a f\u00e9l\u00e9vben is lezajlott az OMHV (Oktat\u00f3i munka hallgat\u00f3i v\u00e9lem\u00e9nyez\u00e9se) k\u00e9rd\u0151\u00edvek feldolgoz\u00e1sa.\u00a0 A statisztika alapj\u00e1n ism\u00e9t az Informatikai Karon t\u00f6lt\u00f6tt\u00e9k ki legnagyobb ar\u00e1nyban a k\u00e9rd\u0151\u00edveket, amelynek szem\u00e9ly szerint nagyon \u00f6r\u00fcl\u00f6k. Fontos, hogy\u00a0 a hallgat\u00f3k v\u00e9lem\u00e9nye\u00a0 eljuthasson az oktat\u00f3khoz, illetve az is term\u00e9szetes,\u00a0 hogy t\u00e1rgyfelv\u00e9tel el\u0151tt a hallgat\u00f3k t\u00e1j\u00e9koz\u00f3dni szeretn\u00e9nek az adott t\u00e1rggyal\/oktat\u00f3val kapcsolatban. Ezeket &#8230;<\/p>\n<a href=\"https:\/\/abonyita.inf.elte.hu\/?p=395\" class=\"read-more-link\">Tov\u00e1bb olvasom  <span class=\"screen-reader-text\">\"Az OMHV \u00e9rt\u00e9kel\u00e9sek marg\u00f3j\u00e1ra\"<\/span> <span class=\"meta-nav\">&rarr;<\/span><\/a>","protected":false},"author":1,"featured_media":0,"comment_status":"open","ping_status":"open","sticky":false,"template":"","format":"standard","meta":{"footnotes":""},"categories":[1],"tags":[],"class_list":["post-395","post","type-post","status-publish","format-standard","hentry","category-nem-kategorizalt","penguin-post","penguin-post-not-sticky"],"_links":{"self":[{"href":"https:\/\/abonyita.inf.elte.hu\/index.php?rest_route=\/wp\/v2\/posts\/395","targetHints":{"allow":["GET"]}}],"collection":[{"href":"https:\/\/abonyita.inf.elte.hu\/index.php?rest_route=\/wp\/v2\/posts"}],"about":[{"href":"https:\/\/abonyita.inf.elte.hu\/index.php?rest_route=\/wp\/v2\/types\/post"}],"author":[{"embeddable":true,"href":"https:\/\/abonyita.inf.elte.hu\/index.php?rest_route=\/wp\/v2\/users\/1"}],"replies":[{"embeddable":true,"href":"https:\/\/abonyita.inf.elte.hu\/index.php?rest_route=%2Fwp%2Fv2%2Fcomments&post=395"}],"version-history":[{"count":26,"href":"https:\/\/abonyita.inf.elte.hu\/index.php?rest_route=\/wp\/v2\/posts\/395\/revisions"}],"predecessor-version":[{"id":422,"href":"https:\/\/abonyita.inf.elte.hu\/index.php?rest_route=\/wp\/v2\/posts\/395\/revisions\/422"}],"wp:attachment":[{"href":"https:\/\/abonyita.inf.elte.hu\/index.php?rest_route=%2Fwp%2Fv2%2Fmedia&parent=395"}],"wp:term":[{"taxonomy":"category","embeddable":true,"href":"https:\/\/abonyita.inf.elte.hu\/index.php?rest_route=%2Fwp%2Fv2%2Fcategories&post=395"},{"taxonomy":"post_tag","embeddable":true,"href":"https:\/\/abonyita.inf.elte.hu\/index.php?rest_route=%2Fwp%2Fv2%2Ftags&post=395"}],"curies":[{"name":"wp","href":"https:\/\/api.w.org\/{rel}","templated":true}]}}