{"id":388,"date":"2011-01-23T17:11:00","date_gmt":"2011-01-23T16:11:00","guid":{"rendered":"https:\/\/abonyita.inf.elte.hu\/?p=388"},"modified":"2011-01-23T17:11:22","modified_gmt":"2011-01-23T16:11:22","slug":"kis-nagy-ikt-konyv","status":"publish","type":"post","link":"https:\/\/abonyita.inf.elte.hu\/?p=388","title":{"rendered":"Kis-nagy IKT k\u00f6nyv"},"content":{"rendered":"<ul>\n<li>A <strong>defin\u00edci\u00f3k tanul\u00e1sa<\/strong> elengedhetetlen fontoss\u00e1g\u00fa nagyon sok tant\u00e1rgyn\u00e1l, de nem k\u00f6nny\u0171 izgalmass\u00e1 tenni. Hogyan lehet ilyesmibe kreativit\u00e1st csemp\u00e9szni, r\u00e1ad\u00e1sul \u00fagy, hogy a di\u00e1kok egy\u00fcttm\u0171k\u00f6djenek, k\u00f6z\u00f6sen dolgozzanak \u00e9s l\u00e1thass\u00e1k egym\u00e1s munk\u00e1j\u00e1t.<\/li>\n<li>Hogyan tudom <strong>\u00e9rdekesebb\u00e9 tenni a prezent\u00e1ci\u00f3kat<\/strong>?<\/li>\n<li><strong>Differenci\u00e1lt \u00f3ravezet\u00e9s IKT-val<\/strong>. A probl\u00e9m\u00e1m az volt, hogy a k\u00e9s\u0151bb kezd\u0151d\u0151 \u00f3r\u00e1kon azok, akik gyorsabban v\u00e9geztek a munk\u00e1val, elvesz\u00edtik a figyelm\u00fcket. Hogyan tudom \u0151ket \u00e9bren tartani, am\u00edg a t\u00f6bbiek v\u00e9geznek?<\/li>\n<li>Hogyan seg\u00edthetek a di\u00e1koknak az <strong>\u00e9retts\u00e9gi t\u00e9telek<\/strong> kidolgoz\u00e1s\u00e1ban?<\/li>\n<li><strong>Forr\u00e1sok<\/strong>at kell feldolgoznia a gyerekeknek, szeretn\u00e9m <strong>ellen\u0151rizni<\/strong>, hogy val\u00f3ban \u00e1tolvast\u00e1k-e?<\/li>\n<li>K\u00edv\u00e1ncsiak vagyunk arra, hogy <strong>mi minden t\u00f6rt\u00e9nik a szakm\u00e1ban<\/strong>, de nincs er\u0151nk (lehet\u0151s\u00e9g\u00fcnk) az \u00f6sszes szaklapot figyelemmel k\u00f6vetni, illetve szeretn\u00e9nk olyanokkal kapcsolatot tartani, akik hasonl\u00f3 dolgok ir\u00e1nt \u00e9rdekl\u0151dnek. Hogyan tehetj\u00fck ezt meg?<\/li>\n<\/ul>\n<p>Csupa izgalmas k\u00e9rd\u00e9s, amely a tan\u00e1rok munk\u00e1j\u00e1t \u00e9rinti. De j\u00f3 is lenne egy olyan k\u00f6nyv, amelyben ezekre a k\u00e9rd\u00e9sekre a v\u00e1laszokat megtal\u00e1lhatn\u00e1nk! Persze nem elm\u00e9leti szinten, hanem a tan\u00f3r\u00e1kon m\u00e1r sikerrel vizsg\u00e1zott megold\u00e1sokat, mindezt az IKT lehet\u0151s\u00e9geit profi m\u00f3don haszn\u00e1l\u00f3 gyakorl\u00f3 tan\u00e1rok tolm\u00e1csol\u00e1s\u00e1ban.<\/p>\n<p>T\u00fal sz\u00e9p is lenne, \u00e9s val\u00f3sz\u00edn\u0171leg nagyon dr\u00e1ga, hiszen ki az aki ezt az \u00e9rt\u00e9kes tapasztalatot csak \u00fagy megosztja m\u00e1sokkal? \ud83d\ude42<\/p>\n<div style=\"width: 171px\" class=\"wp-caption alignleft\"><a href=\"http:\/\/tanarblog.hu\/attachments\/1979_kisnagyiktkonyv.pdf\"><img loading=\"lazy\" decoding=\"async\" title=\"Kis-nagy IKT k\u00f6nyv\" src=\"http:\/\/tanarblog.hu\/images\/stories\/nadori\/kisborito.jpg\" alt=\"Kis-nagy IKT k\u00f6nyv\" width=\"161\" height=\"100\" \/><\/a><p class=\"wp-caption-text\">Kis-nagy IKT k\u00f6nyv<\/p><\/div>\n<p>N\u00e9v szerint N\u00e1dori Gergely \u00e9s Prievara Tibor, aki\u00a0 a <a href=\"http:\/\/tanarblog.hu\/\">Tan\u00e1rblog<\/a> oldalon mindenki sz\u00e1m\u00e1ra szabadon el\u00e9rhet\u0151v\u00e9 tette a <a href=\"http:\/\/tanarblog.hu\/attachments\/1979_kisnagyiktkonyv.pdf\">Kis-nagy IKT k\u00f6nyvet<\/a>, amelyben \u00a0 50 pedag\u00f3gia szitu\u00e1ci\u00f3ra adnak megold\u00e1si javaslatokat.<\/p>\n<p>K\u00f6telez\u0151 olvasm\u00e1ny minden olyan tan\u00e1r\u00a0 sz\u00e1m\u00e1ra, aki az \u00f3r\u00e1it \u00e9rdekesebb\u00e9 \u00e9s hat\u00e9konyabb\u00e1 szeretn\u00e9 tenni!<\/p>\n","protected":false},"excerpt":{"rendered":"<p>A defin\u00edci\u00f3k tanul\u00e1sa elengedhetetlen fontoss\u00e1g\u00fa nagyon sok tant\u00e1rgyn\u00e1l, de nem k\u00f6nny\u0171 izgalmass\u00e1 tenni. Hogyan lehet ilyesmibe kreativit\u00e1st csemp\u00e9szni, r\u00e1ad\u00e1sul \u00fagy, hogy a di\u00e1kok egy\u00fcttm\u0171k\u00f6djenek, k\u00f6z\u00f6sen dolgozzanak \u00e9s l\u00e1thass\u00e1k egym\u00e1s munk\u00e1j\u00e1t. Hogyan tudom \u00e9rdekesebb\u00e9 tenni a prezent\u00e1ci\u00f3kat? Differenci\u00e1lt \u00f3ravezet\u00e9s IKT-val. A probl\u00e9m\u00e1m az volt, hogy a k\u00e9s\u0151bb kezd\u0151d\u0151 \u00f3r\u00e1kon azok, akik gyorsabban v\u00e9geztek a munk\u00e1val, elvesz\u00edtik &#8230;<\/p>\n<a href=\"https:\/\/abonyita.inf.elte.hu\/?p=388\" class=\"read-more-link\">Tov\u00e1bb olvasom  <span class=\"screen-reader-text\">\"Kis-nagy IKT k\u00f6nyv\"<\/span> <span class=\"meta-nav\">&rarr;<\/span><\/a>","protected":false},"author":1,"featured_media":0,"comment_status":"open","ping_status":"open","sticky":false,"template":"","format":"standard","meta":{"footnotes":""},"categories":[8],"tags":[],"class_list":["post-388","post","type-post","status-publish","format-standard","hentry","category-hasznos_oldalak","penguin-post","penguin-post-not-sticky"],"_links":{"self":[{"href":"https:\/\/abonyita.inf.elte.hu\/index.php?rest_route=\/wp\/v2\/posts\/388","targetHints":{"allow":["GET"]}}],"collection":[{"href":"https:\/\/abonyita.inf.elte.hu\/index.php?rest_route=\/wp\/v2\/posts"}],"about":[{"href":"https:\/\/abonyita.inf.elte.hu\/index.php?rest_route=\/wp\/v2\/types\/post"}],"author":[{"embeddable":true,"href":"https:\/\/abonyita.inf.elte.hu\/index.php?rest_route=\/wp\/v2\/users\/1"}],"replies":[{"embeddable":true,"href":"https:\/\/abonyita.inf.elte.hu\/index.php?rest_route=%2Fwp%2Fv2%2Fcomments&post=388"}],"version-history":[{"count":4,"href":"https:\/\/abonyita.inf.elte.hu\/index.php?rest_route=\/wp\/v2\/posts\/388\/revisions"}],"predecessor-version":[{"id":392,"href":"https:\/\/abonyita.inf.elte.hu\/index.php?rest_route=\/wp\/v2\/posts\/388\/revisions\/392"}],"wp:attachment":[{"href":"https:\/\/abonyita.inf.elte.hu\/index.php?rest_route=%2Fwp%2Fv2%2Fmedia&parent=388"}],"wp:term":[{"taxonomy":"category","embeddable":true,"href":"https:\/\/abonyita.inf.elte.hu\/index.php?rest_route=%2Fwp%2Fv2%2Fcategories&post=388"},{"taxonomy":"post_tag","embeddable":true,"href":"https:\/\/abonyita.inf.elte.hu\/index.php?rest_route=%2Fwp%2Fv2%2Ftags&post=388"}],"curies":[{"name":"wp","href":"https:\/\/api.w.org\/{rel}","templated":true}]}}