{"id":325,"date":"2010-09-02T11:21:40","date_gmt":"2010-09-02T10:21:40","guid":{"rendered":"https:\/\/abonyita.inf.elte.hu\/?p=325"},"modified":"2010-09-02T11:21:40","modified_gmt":"2010-09-02T10:21:40","slug":"kepzesek-a-fizikai-es-info-kommunikacios-akadalymentesites-temakoreben","status":"publish","type":"post","link":"https:\/\/abonyita.inf.elte.hu\/?p=325","title":{"rendered":"K\u00e9pz\u00e9sek a fizikai \u00e9s info-kommunik\u00e1ci\u00f3s akad\u00e1lymentes\u00edt\u00e9s t\u00e9mak\u00f6r\u00e9ben"},"content":{"rendered":"<p>Megjelent a T\u00c1MOP 5.4.5\/07\/1-2007-0001 azonos\u00edt\u00f3sz\u00e1m\u00fa \u201eA fizikai \u00e9s info-kommunik\u00e1ci\u00f3s akad\u00e1lymentes\u00edt\u00e9s szakmai h\u00e1tter\u00e9nek kialak\u00edt\u00e1sa\u201d c\u00edm\u0171 kiemelt projekt II. szakasz\u00e1hoz tartoz\u00f3, a k\u00e9pz\u0151k k\u00e9pz\u00e9si oktat\u00e1si programok jelentkez\u00e9si felh\u00edv\u00e1sa.<\/p>\n<p>A k\u00e9pz\u00e9sek fejleszt\u00e9se lez\u00e1rult, v\u00e9glegesedtek a k\u00e9pz\u00e9si programok, elk\u00e9sz\u00fcltek az \u00f3rarendek. A tervek szerint a k\u00e9pz\u00e9si programok okt\u00f3ber 15-\u00e9n indulnak \u00e9s 2011. m\u00e1rcius 26-\u00e1n z\u00e1rulnak.<\/p>\n<p>A jelentkez\u00e9ssel kapcsolatos \u00f6sszes inform\u00e1ci\u00f3t, illetve az elektronikus regisztr\u00e1ci\u00f3 el\u00e9r\u00e9s\u00e9t az al\u00e1bbi linkeken tal\u00e1lhatja:<\/p>\n<p><a href=\"http:\/\/www.fszk.hu\/api\/aktualis_programok.htm\">http:\/\/www.fszk.hu\/api\/aktualis_programok.htm<\/a><\/p>\n<p><a href=\"http:\/\/www.hozzaferes.hu\/hirek-aktualitasok.html\">http:\/\/www.hozzaferes.hu\/hirek-aktualitasok.html<\/a><\/p>\n","protected":false},"excerpt":{"rendered":"<p>Megjelent a T\u00c1MOP 5.4.5\/07\/1-2007-0001 azonos\u00edt\u00f3sz\u00e1m\u00fa \u201eA fizikai \u00e9s info-kommunik\u00e1ci\u00f3s akad\u00e1lymentes\u00edt\u00e9s szakmai h\u00e1tter\u00e9nek kialak\u00edt\u00e1sa\u201d c\u00edm\u0171 kiemelt projekt II. szakasz\u00e1hoz tartoz\u00f3, a k\u00e9pz\u0151k k\u00e9pz\u00e9si oktat\u00e1si programok jelentkez\u00e9si felh\u00edv\u00e1sa. A k\u00e9pz\u00e9sek fejleszt\u00e9se lez\u00e1rult, v\u00e9glegesedtek a k\u00e9pz\u00e9si programok, elk\u00e9sz\u00fcltek az \u00f3rarendek. A tervek szerint a k\u00e9pz\u00e9si programok okt\u00f3ber 15-\u00e9n indulnak \u00e9s 2011. m\u00e1rcius 26-\u00e1n z\u00e1rulnak. A jelentkez\u00e9ssel kapcsolatos \u00f6sszes &#8230;<\/p>\n<a href=\"https:\/\/abonyita.inf.elte.hu\/?p=325\" class=\"read-more-link\">Tov\u00e1bb olvasom  <span class=\"screen-reader-text\">\"K\u00e9pz\u00e9sek a fizikai \u00e9s info-kommunik\u00e1ci\u00f3s akad\u00e1lymentes\u00edt\u00e9s t\u00e9mak\u00f6r\u00e9ben\"<\/span> <span class=\"meta-nav\">&rarr;<\/span><\/a>","protected":false},"author":1,"featured_media":0,"comment_status":"open","ping_status":"open","sticky":false,"template":"","format":"standard","meta":{"footnotes":""},"categories":[1],"tags":[],"class_list":["post-325","post","type-post","status-publish","format-standard","hentry","category-nem-kategorizalt","penguin-post","penguin-post-not-sticky"],"_links":{"self":[{"href":"https:\/\/abonyita.inf.elte.hu\/index.php?rest_route=\/wp\/v2\/posts\/325","targetHints":{"allow":["GET"]}}],"collection":[{"href":"https:\/\/abonyita.inf.elte.hu\/index.php?rest_route=\/wp\/v2\/posts"}],"about":[{"href":"https:\/\/abonyita.inf.elte.hu\/index.php?rest_route=\/wp\/v2\/types\/post"}],"author":[{"embeddable":true,"href":"https:\/\/abonyita.inf.elte.hu\/index.php?rest_route=\/wp\/v2\/users\/1"}],"replies":[{"embeddable":true,"href":"https:\/\/abonyita.inf.elte.hu\/index.php?rest_route=%2Fwp%2Fv2%2Fcomments&post=325"}],"version-history":[{"count":2,"href":"https:\/\/abonyita.inf.elte.hu\/index.php?rest_route=\/wp\/v2\/posts\/325\/revisions"}],"predecessor-version":[{"id":327,"href":"https:\/\/abonyita.inf.elte.hu\/index.php?rest_route=\/wp\/v2\/posts\/325\/revisions\/327"}],"wp:attachment":[{"href":"https:\/\/abonyita.inf.elte.hu\/index.php?rest_route=%2Fwp%2Fv2%2Fmedia&parent=325"}],"wp:term":[{"taxonomy":"category","embeddable":true,"href":"https:\/\/abonyita.inf.elte.hu\/index.php?rest_route=%2Fwp%2Fv2%2Fcategories&post=325"},{"taxonomy":"post_tag","embeddable":true,"href":"https:\/\/abonyita.inf.elte.hu\/index.php?rest_route=%2Fwp%2Fv2%2Ftags&post=325"}],"curies":[{"name":"wp","href":"https:\/\/api.w.org\/{rel}","templated":true}]}}