{"id":2554,"date":"2022-03-29T13:11:57","date_gmt":"2022-03-29T11:11:57","guid":{"rendered":"https:\/\/abonyita.inf.elte.hu\/?p=2554"},"modified":"2022-05-09T13:12:27","modified_gmt":"2022-05-09T11:12:27","slug":"informatikai-oktatasi-konferencia-2022","status":"publish","type":"post","link":"https:\/\/abonyita.inf.elte.hu\/?p=2554","title":{"rendered":"Informatikai Oktat\u00e1si Konferencia 2022"},"content":{"rendered":"<p>Id\u00e9n tizedik alkalommal rendezte meg a\u00a0<strong>HTTP Alap\u00edtv\u00e1ny<\/strong>\u00a0a\u00a0<strong>Pannon Egyetem M\u0171szaki Informatika Kar\u00e1val<\/strong>\u00a0partners\u00e9gben<a href=\"https:\/\/iok2022.http-alapitvany.hu\/\">\u00a0<strong>informatika oktat\u00e1ssal\u00a0<\/strong>foglalkoz\u00f3\u00a0<strong>konferenci\u00e1j\u00e1t<\/strong><\/a>\u00a0az IT k\u00e9pz\u00e9sben dolgoz\u00f3 oktat\u00f3k \u00e9s vezet\u0151k, valamint korm\u00e1nyzati szervek, szakmai szervezetek \u00e9s c\u00e9gek k\u00e9pvisel\u0151i sz\u00e1m\u00e1ra.<\/p>\n<p>J\u00f3magam &#8222;Robotika oktat\u00e1sa a fels\u0151 tagozaton&#8221; c\u00edmmel tartottam el\u0151ad\u00e1st.<\/p>\n","protected":false},"excerpt":{"rendered":"<p>Id\u00e9n tizedik alkalommal rendezte meg a\u00a0HTTP Alap\u00edtv\u00e1ny\u00a0a\u00a0Pannon Egyetem M\u0171szaki Informatika Kar\u00e1val\u00a0partners\u00e9gben\u00a0informatika oktat\u00e1ssal\u00a0foglalkoz\u00f3\u00a0konferenci\u00e1j\u00e1t\u00a0az IT k\u00e9pz\u00e9sben dolgoz\u00f3 oktat\u00f3k \u00e9s vezet\u0151k, valamint korm\u00e1nyzati szervek, szakmai szervezetek \u00e9s c\u00e9gek k\u00e9pvisel\u0151i sz\u00e1m\u00e1ra. J\u00f3magam &#8222;Robotika oktat\u00e1sa a fels\u0151 tagozaton&#8221; c\u00edmmel tartottam el\u0151ad\u00e1st.<\/p>\n<a href=\"https:\/\/abonyita.inf.elte.hu\/?p=2554\" class=\"read-more-link\">Tov\u00e1bb olvasom  <span class=\"screen-reader-text\">\"Informatikai Oktat\u00e1si Konferencia 2022\"<\/span> <span class=\"meta-nav\">&rarr;<\/span><\/a>","protected":false},"author":1,"featured_media":2555,"comment_status":"closed","ping_status":"closed","sticky":false,"template":"","format":"standard","meta":{"footnotes":""},"categories":[60],"tags":[],"class_list":["post-2554","post","type-post","status-publish","format-standard","has-post-thumbnail","hentry","category-konferencia","penguin-post","penguin-post-not-sticky"],"_links":{"self":[{"href":"https:\/\/abonyita.inf.elte.hu\/index.php?rest_route=\/wp\/v2\/posts\/2554","targetHints":{"allow":["GET"]}}],"collection":[{"href":"https:\/\/abonyita.inf.elte.hu\/index.php?rest_route=\/wp\/v2\/posts"}],"about":[{"href":"https:\/\/abonyita.inf.elte.hu\/index.php?rest_route=\/wp\/v2\/types\/post"}],"author":[{"embeddable":true,"href":"https:\/\/abonyita.inf.elte.hu\/index.php?rest_route=\/wp\/v2\/users\/1"}],"replies":[{"embeddable":true,"href":"https:\/\/abonyita.inf.elte.hu\/index.php?rest_route=%2Fwp%2Fv2%2Fcomments&post=2554"}],"version-history":[{"count":1,"href":"https:\/\/abonyita.inf.elte.hu\/index.php?rest_route=\/wp\/v2\/posts\/2554\/revisions"}],"predecessor-version":[{"id":2556,"href":"https:\/\/abonyita.inf.elte.hu\/index.php?rest_route=\/wp\/v2\/posts\/2554\/revisions\/2556"}],"wp:featuredmedia":[{"embeddable":true,"href":"https:\/\/abonyita.inf.elte.hu\/index.php?rest_route=\/wp\/v2\/media\/2555"}],"wp:attachment":[{"href":"https:\/\/abonyita.inf.elte.hu\/index.php?rest_route=%2Fwp%2Fv2%2Fmedia&parent=2554"}],"wp:term":[{"taxonomy":"category","embeddable":true,"href":"https:\/\/abonyita.inf.elte.hu\/index.php?rest_route=%2Fwp%2Fv2%2Fcategories&post=2554"},{"taxonomy":"post_tag","embeddable":true,"href":"https:\/\/abonyita.inf.elte.hu\/index.php?rest_route=%2Fwp%2Fv2%2Ftags&post=2554"}],"curies":[{"name":"wp","href":"https:\/\/api.w.org\/{rel}","templated":true}]}}