{"id":2460,"date":"2020-02-10T16:41:33","date_gmt":"2020-02-10T15:41:33","guid":{"rendered":"https:\/\/abonyita.inf.elte.hu\/?p=2460"},"modified":"2020-02-10T16:42:46","modified_gmt":"2020-02-10T15:42:46","slug":"elmenyinformatika","status":"publish","type":"post","link":"https:\/\/abonyita.inf.elte.hu\/?p=2460","title":{"rendered":"\u00c9lm\u00e9nyinformatika kurzus tan\u00e1rszakos hallgat\u00f3knak"},"content":{"rendered":"<p>Kedves Hallgat\u00f3k!<\/p>\n<p><a href=\"https:\/\/abonyita.inf.elte.hu\/wp-content\/uploads\/2020\/02\/elmenyinfoplakat.png\"><img loading=\"lazy\" decoding=\"async\" class=\"alignleft wp-image-2461 size-full\" src=\"https:\/\/abonyita.inf.elte.hu\/wp-content\/uploads\/2020\/02\/elmenyinfoplakat.png\" alt=\"\u00c9lm\u00e9nyinformatika kurzus plak\u00e1t\" width=\"871\" height=\"567\" srcset=\"https:\/\/abonyita.inf.elte.hu\/wp-content\/uploads\/2020\/02\/elmenyinfoplakat.png 871w, https:\/\/abonyita.inf.elte.hu\/wp-content\/uploads\/2020\/02\/elmenyinfoplakat-300x195.png 300w, https:\/\/abonyita.inf.elte.hu\/wp-content\/uploads\/2020\/02\/elmenyinfoplakat-768x500.png 768w\" sizes=\"auto, (max-width: 599px) calc(100vw - 50px), (max-width: 767px) calc(100vw - 70px), (max-width: 991px) 429px, (max-width: 1199px) 637px, 354px\" \/><\/a><\/p>\n<p>A 2019\/2020-as tan\u00e9v tavaszi szemeszter\u00e9ben egy \u00faj kurzust ind\u00edtunk tan\u00e1rszakos hallgat\u00f3k sz\u00e1m\u00e1ra, \u00c9LM\u00c9NYINFORMATIKA c\u00edmmel.<\/p>\n<p>A kurzus k\u00f3dja:\u00a0IKP-9272.<\/p>\n<p>A kurzust on-line lehet teljes\u00edteni, de szem\u00e9lyes gyakorlati konzult\u00e1ci\u00f3ra \u00e9s eszk\u00f6zhaszn\u00e1latra is adunk lehet\u0151s\u00e9get p\u00e9ntek d\u00e9lel\u0151tt\u00f6nk\u00e9nt 9-12 \u00f3ra k\u00f6z\u00f6tt az\u00a0ELTE l\u00e1gym\u00e1nyosi kampusz\u00e1nak \u00a0d\u00e9li \u00e9p\u00fclet\u00e9ben l\u00e9v\u0151 T@T\u00a0Kuck\u00f3ban (2.123).<br \/>\nTov\u00e1bbi info itt: <a href=\"http:\/\/bit.ly\/elmenyinfospeci\" target=\"_blank\" rel=\"noopener\">bit.ly\/elmenyinfospeci<\/a><\/p>\n","protected":false},"excerpt":{"rendered":"<p>Kedves Hallgat\u00f3k! A 2019\/2020-as tan\u00e9v tavaszi szemeszter\u00e9ben egy \u00faj kurzust ind\u00edtunk tan\u00e1rszakos hallgat\u00f3k sz\u00e1m\u00e1ra, \u00c9LM\u00c9NYINFORMATIKA c\u00edmmel. A kurzus k\u00f3dja:\u00a0IKP-9272. A kurzust on-line lehet teljes\u00edteni, de szem\u00e9lyes gyakorlati konzult\u00e1ci\u00f3ra \u00e9s eszk\u00f6zhaszn\u00e1latra is adunk lehet\u0151s\u00e9get p\u00e9ntek d\u00e9lel\u0151tt\u00f6nk\u00e9nt 9-12 \u00f3ra k\u00f6z\u00f6tt az\u00a0ELTE l\u00e1gym\u00e1nyosi kampusz\u00e1nak \u00a0d\u00e9li \u00e9p\u00fclet\u00e9ben l\u00e9v\u0151 T@T\u00a0Kuck\u00f3ban (2.123). Tov\u00e1bbi info itt: bit.ly\/elmenyinfospeci<\/p>\n<a href=\"https:\/\/abonyita.inf.elte.hu\/?p=2460\" class=\"read-more-link\">Tov\u00e1bb olvasom  <span class=\"screen-reader-text\">\"\u00c9lm\u00e9nyinformatika kurzus tan\u00e1rszakos hallgat\u00f3knak\"<\/span> <span class=\"meta-nav\">&rarr;<\/span><\/a>","protected":false},"author":1,"featured_media":2461,"comment_status":"closed","ping_status":"closed","sticky":false,"template":"","format":"standard","meta":{"footnotes":""},"categories":[24],"tags":[],"class_list":["post-2460","post","type-post","status-publish","format-standard","has-post-thumbnail","hentry","category-hirdetmeny","penguin-post","penguin-post-not-sticky"],"_links":{"self":[{"href":"https:\/\/abonyita.inf.elte.hu\/index.php?rest_route=\/wp\/v2\/posts\/2460","targetHints":{"allow":["GET"]}}],"collection":[{"href":"https:\/\/abonyita.inf.elte.hu\/index.php?rest_route=\/wp\/v2\/posts"}],"about":[{"href":"https:\/\/abonyita.inf.elte.hu\/index.php?rest_route=\/wp\/v2\/types\/post"}],"author":[{"embeddable":true,"href":"https:\/\/abonyita.inf.elte.hu\/index.php?rest_route=\/wp\/v2\/users\/1"}],"replies":[{"embeddable":true,"href":"https:\/\/abonyita.inf.elte.hu\/index.php?rest_route=%2Fwp%2Fv2%2Fcomments&post=2460"}],"version-history":[{"count":2,"href":"https:\/\/abonyita.inf.elte.hu\/index.php?rest_route=\/wp\/v2\/posts\/2460\/revisions"}],"predecessor-version":[{"id":2463,"href":"https:\/\/abonyita.inf.elte.hu\/index.php?rest_route=\/wp\/v2\/posts\/2460\/revisions\/2463"}],"wp:featuredmedia":[{"embeddable":true,"href":"https:\/\/abonyita.inf.elte.hu\/index.php?rest_route=\/wp\/v2\/media\/2461"}],"wp:attachment":[{"href":"https:\/\/abonyita.inf.elte.hu\/index.php?rest_route=%2Fwp%2Fv2%2Fmedia&parent=2460"}],"wp:term":[{"taxonomy":"category","embeddable":true,"href":"https:\/\/abonyita.inf.elte.hu\/index.php?rest_route=%2Fwp%2Fv2%2Fcategories&post=2460"},{"taxonomy":"post_tag","embeddable":true,"href":"https:\/\/abonyita.inf.elte.hu\/index.php?rest_route=%2Fwp%2Fv2%2Ftags&post=2460"}],"curies":[{"name":"wp","href":"https:\/\/api.w.org\/{rel}","templated":true}]}}