{"id":2429,"date":"2019-10-09T15:35:10","date_gmt":"2019-10-09T13:35:10","guid":{"rendered":"https:\/\/abonyita.inf.elte.hu\/?p=2429"},"modified":"2019-10-09T15:36:07","modified_gmt":"2019-10-09T13:36:07","slug":"kodolas-hete-2019","status":"publish","type":"post","link":"https:\/\/abonyita.inf.elte.hu\/?p=2429","title":{"rendered":"K\u00f3dol\u00e1s hete 2019"},"content":{"rendered":"<p><strong>2019. okt\u00f3ber 5. \u00e9s 20. k\u00f6z\u00f6tt ker\u00fcl megszervez\u00e9sre a hetedik Code Week, amikor ism\u00e9t a k\u00f3dol\u00e1s\u00e9 a f\u0151szerep. Ez az a k\u00e9t h\u00e9t, amikor sokan dolgoznak az\u00e9rt, hogy min\u00e9l t\u00f6bben kipr\u00f3b\u00e1lhass\u00e1k a programoz\u00e1s alapjait, bepillant\u00e1st nyerhessek a programoz\u00f3k mindennapjaiba, munk\u00e1jukba \u00e9s abba, hogyan hat a digitaliz\u00e1ci\u00f3 \u00e9s az informatika a mindennapi \u00e9let\u00fcnkre!<\/strong><\/p>\n<p>Forr\u00e1s:\u00a0<a href=\"https:\/\/dpmk.hu\/codeweek\/\" target=\"_blank\" rel=\"noopener\">https:\/\/dpmk.hu\/codeweek\/<\/a><\/p>\n<p>2019. okt\u00f3ber 10-\u00e9n \u00e9n is csatlakozom a programhoz. A pesterzs\u00e9beti Kossuth Lajos Gimn\u00e1ziumban n\u00e9gy olyan foglalkoz\u00e1st tartok, amely a micro:bitek programoz\u00e1s\u00e1ba vezeti be a di\u00e1kokat.<\/p>\n","protected":false},"excerpt":{"rendered":"<p>2019. okt\u00f3ber 5. \u00e9s 20. k\u00f6z\u00f6tt ker\u00fcl megszervez\u00e9sre a hetedik Code Week, amikor ism\u00e9t a k\u00f3dol\u00e1s\u00e9 a f\u0151szerep. Ez az a k\u00e9t h\u00e9t, amikor sokan dolgoznak az\u00e9rt, hogy min\u00e9l t\u00f6bben kipr\u00f3b\u00e1lhass\u00e1k a programoz\u00e1s alapjait, bepillant\u00e1st nyerhessek a programoz\u00f3k mindennapjaiba, munk\u00e1jukba \u00e9s abba, hogyan hat a digitaliz\u00e1ci\u00f3 \u00e9s az informatika a mindennapi \u00e9let\u00fcnkre! Forr\u00e1s:\u00a0https:\/\/dpmk.hu\/codeweek\/ 2019. okt\u00f3ber &#8230;<\/p>\n<a href=\"https:\/\/abonyita.inf.elte.hu\/?p=2429\" class=\"read-more-link\">Tov\u00e1bb olvasom  <span class=\"screen-reader-text\">\"K\u00f3dol\u00e1s hete 2019\"<\/span> <span class=\"meta-nav\">&rarr;<\/span><\/a>","protected":false},"author":1,"featured_media":2430,"comment_status":"closed","ping_status":"closed","sticky":false,"template":"","format":"standard","meta":{"footnotes":""},"categories":[146],"tags":[],"class_list":["post-2429","post","type-post","status-publish","format-standard","has-post-thumbnail","hentry","category-rendezvenyek","penguin-post","penguin-post-not-sticky"],"_links":{"self":[{"href":"https:\/\/abonyita.inf.elte.hu\/index.php?rest_route=\/wp\/v2\/posts\/2429","targetHints":{"allow":["GET"]}}],"collection":[{"href":"https:\/\/abonyita.inf.elte.hu\/index.php?rest_route=\/wp\/v2\/posts"}],"about":[{"href":"https:\/\/abonyita.inf.elte.hu\/index.php?rest_route=\/wp\/v2\/types\/post"}],"author":[{"embeddable":true,"href":"https:\/\/abonyita.inf.elte.hu\/index.php?rest_route=\/wp\/v2\/users\/1"}],"replies":[{"embeddable":true,"href":"https:\/\/abonyita.inf.elte.hu\/index.php?rest_route=%2Fwp%2Fv2%2Fcomments&post=2429"}],"version-history":[{"count":3,"href":"https:\/\/abonyita.inf.elte.hu\/index.php?rest_route=\/wp\/v2\/posts\/2429\/revisions"}],"predecessor-version":[{"id":2433,"href":"https:\/\/abonyita.inf.elte.hu\/index.php?rest_route=\/wp\/v2\/posts\/2429\/revisions\/2433"}],"wp:featuredmedia":[{"embeddable":true,"href":"https:\/\/abonyita.inf.elte.hu\/index.php?rest_route=\/wp\/v2\/media\/2430"}],"wp:attachment":[{"href":"https:\/\/abonyita.inf.elte.hu\/index.php?rest_route=%2Fwp%2Fv2%2Fmedia&parent=2429"}],"wp:term":[{"taxonomy":"category","embeddable":true,"href":"https:\/\/abonyita.inf.elte.hu\/index.php?rest_route=%2Fwp%2Fv2%2Fcategories&post=2429"},{"taxonomy":"post_tag","embeddable":true,"href":"https:\/\/abonyita.inf.elte.hu\/index.php?rest_route=%2Fwp%2Fv2%2Ftags&post=2429"}],"curies":[{"name":"wp","href":"https:\/\/api.w.org\/{rel}","templated":true}]}}