{"id":2349,"date":"2019-09-10T14:52:03","date_gmt":"2019-09-10T12:52:03","guid":{"rendered":"https:\/\/abonyita.inf.elte.hu\/?p=2349"},"modified":"2019-09-10T14:52:03","modified_gmt":"2019-09-10T12:52:03","slug":"iv-mobil-eszkozok-az-oktatasban-konferencia","status":"publish","type":"post","link":"https:\/\/abonyita.inf.elte.hu\/?p=2349","title":{"rendered":"IV. Mobil eszk\u00f6z\u00f6k az oktat\u00e1sban konferencia"},"content":{"rendered":"<p>Id\u00e9n is megrendez\u00e9sre ker\u00fcl\u00a0a IV. Mobil eszk\u00f6z\u00f6k az oktat\u00e1sban konferencia, melynek c\u00e9lja, hogy\u00a0lehet\u0151s\u00e9get teremtsen az oktat\u00e1s k\u00fcl\u00f6nb\u00f6z\u0151 ter\u00fcletein dolgoz\u00f3 gyakorl\u00f3 pedag\u00f3gusok\u00a0\u00e9s a t\u00e9mak\u00f6rrel foglalkoz\u00f3 kutat\u00f3k \u00e9s PhD-hallgat\u00f3k el\u0151re mutat\u00f3 p\u00e1rbesz\u00e9d\u00e9re \u00e9s\u00a0tapasztalatcser\u00e9j\u00e9re.<\/p>\n<p>A konferencia helye \u00e9s id\u0151pontja:\u00a0Balatonf\u0171zf\u0151, 2019. november 8-9.<\/p>\n<p>Jelentkez\u00e9si \u00edv:\u00a0<a href=\"http:\/\/bit.ly\/33cExtH\" target=\"_blank\" rel=\"noopener\">http:\/\/bit.ly\/33cExtH<\/a><\/p>\n<p><a href=\"https:\/\/l.facebook.com\/l.php?u=https%3A%2F%2Fdrive.google.com%2Ffile%2Fd%2F19G3vnekUJDTvfhXhAykzOk9ROdF8gB1A%2Fview%3Ffbclid%3DIwAR3J-pw2fZeLvZLA3r_dSJrMH8_7tp4_VpXv3AajK2Mcn7vLl74a-YVJq2Q&amp;h=AT2JGSH-PQD1Ze-F4p85FaynBwKQWvp3JYYPNrtRZ22ysIE8i2GQtm5ZSufNLpb3Po_4Zqc7ZHXIv-rw-oMzmnbrpW2luHqa65Ldojwz0cWZEiaOFoKDowQpmtUUFHAceG6vLMl7zbufayT64W6xQHVZbSpM0ZcYgxiv1qZaWepuh9BXVKYZe_gQXFNwDDAhdtHk3aZICk6FHBcidY1cuTPbop9ssUvM300S9A3lFc9xy2Y37Uhlw5xFTW4iqyXz8avWmwEW7c-uv-TmZkIEeA2hOesYta3-Ywj8HpyTxTHRr5NyM0BLzCwoDvprgO33bfHaNeqgXqKwrvVcOAHqvbOoIuCx4TCZ8i_kFCQ6red8bkQkrDiDGZ7i-4IBz9JU40G8xsRZD8KELIM3CY8lwS1VYhAnnjA5du8Mm7Stoi5bgbGtD0YEFyI4wzOxbpi2cCbINiygWDmLqs7x9LVceMlMgz90nppwZFpDESGk6qJqUJS4kH90vgC5RB4H4c3rPSZevW9rw5MuhttofUciWiVF5qBz5JVz5FiqO-WzGOpf5iD-nlnYV1UZtA2lhAAeXkRt6mXNoRia_Zjls8_FucyT0HQNGkbHdS94P83z4MjP1ZQ6AZEcamwDKg\" target=\"_blank\" rel=\"noopener\">Tov\u00e1bbi inform\u00e1ci\u00f3k<\/a><\/p>\n","protected":false},"excerpt":{"rendered":"<p>Id\u00e9n is megrendez\u00e9sre ker\u00fcl\u00a0a IV. Mobil eszk\u00f6z\u00f6k az oktat\u00e1sban konferencia, melynek c\u00e9lja, hogy\u00a0lehet\u0151s\u00e9get teremtsen az oktat\u00e1s k\u00fcl\u00f6nb\u00f6z\u0151 ter\u00fcletein dolgoz\u00f3 gyakorl\u00f3 pedag\u00f3gusok\u00a0\u00e9s a t\u00e9mak\u00f6rrel foglalkoz\u00f3 kutat\u00f3k \u00e9s PhD-hallgat\u00f3k el\u0151re mutat\u00f3 p\u00e1rbesz\u00e9d\u00e9re \u00e9s\u00a0tapasztalatcser\u00e9j\u00e9re. A konferencia helye \u00e9s id\u0151pontja:\u00a0Balatonf\u0171zf\u0151, 2019. november 8-9. Jelentkez\u00e9si \u00edv:\u00a0http:\/\/bit.ly\/33cExtH Tov\u00e1bbi inform\u00e1ci\u00f3k<\/p>\n<a href=\"https:\/\/abonyita.inf.elte.hu\/?p=2349\" class=\"read-more-link\">Tov\u00e1bb olvasom  <span class=\"screen-reader-text\">\"IV. Mobil eszk\u00f6z\u00f6k az oktat\u00e1sban konferencia\"<\/span> <span class=\"meta-nav\">&rarr;<\/span><\/a>","protected":false},"author":1,"featured_media":2350,"comment_status":"closed","ping_status":"closed","sticky":false,"template":"","format":"standard","meta":{"footnotes":""},"categories":[1],"tags":[],"class_list":["post-2349","post","type-post","status-publish","format-standard","has-post-thumbnail","hentry","category-nem-kategorizalt","penguin-post","penguin-post-not-sticky"],"_links":{"self":[{"href":"https:\/\/abonyita.inf.elte.hu\/index.php?rest_route=\/wp\/v2\/posts\/2349","targetHints":{"allow":["GET"]}}],"collection":[{"href":"https:\/\/abonyita.inf.elte.hu\/index.php?rest_route=\/wp\/v2\/posts"}],"about":[{"href":"https:\/\/abonyita.inf.elte.hu\/index.php?rest_route=\/wp\/v2\/types\/post"}],"author":[{"embeddable":true,"href":"https:\/\/abonyita.inf.elte.hu\/index.php?rest_route=\/wp\/v2\/users\/1"}],"replies":[{"embeddable":true,"href":"https:\/\/abonyita.inf.elte.hu\/index.php?rest_route=%2Fwp%2Fv2%2Fcomments&post=2349"}],"version-history":[{"count":1,"href":"https:\/\/abonyita.inf.elte.hu\/index.php?rest_route=\/wp\/v2\/posts\/2349\/revisions"}],"predecessor-version":[{"id":2351,"href":"https:\/\/abonyita.inf.elte.hu\/index.php?rest_route=\/wp\/v2\/posts\/2349\/revisions\/2351"}],"wp:featuredmedia":[{"embeddable":true,"href":"https:\/\/abonyita.inf.elte.hu\/index.php?rest_route=\/wp\/v2\/media\/2350"}],"wp:attachment":[{"href":"https:\/\/abonyita.inf.elte.hu\/index.php?rest_route=%2Fwp%2Fv2%2Fmedia&parent=2349"}],"wp:term":[{"taxonomy":"category","embeddable":true,"href":"https:\/\/abonyita.inf.elte.hu\/index.php?rest_route=%2Fwp%2Fv2%2Fcategories&post=2349"},{"taxonomy":"post_tag","embeddable":true,"href":"https:\/\/abonyita.inf.elte.hu\/index.php?rest_route=%2Fwp%2Fv2%2Ftags&post=2349"}],"curies":[{"name":"wp","href":"https:\/\/api.w.org\/{rel}","templated":true}]}}