{"id":2329,"date":"2019-06-06T11:16:29","date_gmt":"2019-06-06T09:16:29","guid":{"rendered":"https:\/\/abonyita.inf.elte.hu\/?p=2329"},"modified":"2019-06-07T15:32:52","modified_gmt":"2019-06-07T13:32:52","slug":"multimedia-az-oktatasban-konferencia-2019","status":"publish","type":"post","link":"https:\/\/abonyita.inf.elte.hu\/?p=2329","title":{"rendered":"Multim\u00e9dia az oktat\u00e1sban konferencia 2019"},"content":{"rendered":"<p>Elkezd\u0151d\u00f6tt a Multim\u00e9dia az oktat\u00e1sban konferencia, amelynek id\u00e9n az Ericsson sz\u00e9kh\u00e1zban ker\u00fcl megrendez\u00e9sre.<\/p>\n<p>T\u00f3th-M\u00f3zer Szilvi\u00e1val k\u00f6z\u00f6s el\u0151ad\u00e1sunk c\u00edme:\u00a0\u00a0A \u201cNy\u00edlt kurzusok tervez\u00e9se\u201d c\u00edm\u0171 ELTE MOOC tervez\u00e9s\u00e9nek \u00e9s megval\u00f3s\u00edt\u00e1s\u00e1nak k\u00e9rd\u00e9sei \u00e9s tapasztalatai.<\/p>\n<p>El\u0151ad\u00e1sunkkal elnyert\u00fck a szekci\u00f3 legjobb el\u0151ad\u00e1sa d\u00edjat.<\/p>\n<p><a href=\"https:\/\/abonyita.inf.elte.hu\/wp-content\/uploads\/2019\/06\/20190607_140423.jpg\"><img loading=\"lazy\" decoding=\"async\" class=\"aligncenter size-medium wp-image-2339\" src=\"https:\/\/abonyita.inf.elte.hu\/wp-content\/uploads\/2019\/06\/20190607_140423-300x225.jpg\" alt=\"\" width=\"300\" height=\"225\" srcset=\"https:\/\/abonyita.inf.elte.hu\/wp-content\/uploads\/2019\/06\/20190607_140423-300x225.jpg 300w, https:\/\/abonyita.inf.elte.hu\/wp-content\/uploads\/2019\/06\/20190607_140423-768x576.jpg 768w, https:\/\/abonyita.inf.elte.hu\/wp-content\/uploads\/2019\/06\/20190607_140423-1024x768.jpg 1024w\" sizes=\"auto, (max-width: 599px) calc(100vw - 50px), (max-width: 767px) calc(100vw - 70px), (max-width: 991px) 429px, (max-width: 1199px) 637px, 354px\" \/><\/a><\/p>\n","protected":false},"excerpt":{"rendered":"<p>Elkezd\u0151d\u00f6tt a Multim\u00e9dia az oktat\u00e1sban konferencia, amelynek id\u00e9n az Ericsson sz\u00e9kh\u00e1zban ker\u00fcl megrendez\u00e9sre. T\u00f3th-M\u00f3zer Szilvi\u00e1val k\u00f6z\u00f6s el\u0151ad\u00e1sunk c\u00edme:\u00a0\u00a0A \u201cNy\u00edlt kurzusok tervez\u00e9se\u201d c\u00edm\u0171 ELTE MOOC tervez\u00e9s\u00e9nek \u00e9s megval\u00f3s\u00edt\u00e1s\u00e1nak k\u00e9rd\u00e9sei \u00e9s tapasztalatai. El\u0151ad\u00e1sunkkal elnyert\u00fck a szekci\u00f3 legjobb el\u0151ad\u00e1sa d\u00edjat.<\/p>\n<a href=\"https:\/\/abonyita.inf.elte.hu\/?p=2329\" class=\"read-more-link\">Tov\u00e1bb olvasom  <span class=\"screen-reader-text\">\"Multim\u00e9dia az oktat\u00e1sban konferencia 2019\"<\/span> <span class=\"meta-nav\">&rarr;<\/span><\/a>","protected":false},"author":1,"featured_media":2330,"comment_status":"closed","ping_status":"closed","sticky":false,"template":"","format":"standard","meta":{"footnotes":""},"categories":[60],"tags":[],"class_list":["post-2329","post","type-post","status-publish","format-standard","has-post-thumbnail","hentry","category-konferencia","penguin-post","penguin-post-not-sticky"],"_links":{"self":[{"href":"https:\/\/abonyita.inf.elte.hu\/index.php?rest_route=\/wp\/v2\/posts\/2329","targetHints":{"allow":["GET"]}}],"collection":[{"href":"https:\/\/abonyita.inf.elte.hu\/index.php?rest_route=\/wp\/v2\/posts"}],"about":[{"href":"https:\/\/abonyita.inf.elte.hu\/index.php?rest_route=\/wp\/v2\/types\/post"}],"author":[{"embeddable":true,"href":"https:\/\/abonyita.inf.elte.hu\/index.php?rest_route=\/wp\/v2\/users\/1"}],"replies":[{"embeddable":true,"href":"https:\/\/abonyita.inf.elte.hu\/index.php?rest_route=%2Fwp%2Fv2%2Fcomments&post=2329"}],"version-history":[{"count":3,"href":"https:\/\/abonyita.inf.elte.hu\/index.php?rest_route=\/wp\/v2\/posts\/2329\/revisions"}],"predecessor-version":[{"id":2340,"href":"https:\/\/abonyita.inf.elte.hu\/index.php?rest_route=\/wp\/v2\/posts\/2329\/revisions\/2340"}],"wp:featuredmedia":[{"embeddable":true,"href":"https:\/\/abonyita.inf.elte.hu\/index.php?rest_route=\/wp\/v2\/media\/2330"}],"wp:attachment":[{"href":"https:\/\/abonyita.inf.elte.hu\/index.php?rest_route=%2Fwp%2Fv2%2Fmedia&parent=2329"}],"wp:term":[{"taxonomy":"category","embeddable":true,"href":"https:\/\/abonyita.inf.elte.hu\/index.php?rest_route=%2Fwp%2Fv2%2Fcategories&post=2329"},{"taxonomy":"post_tag","embeddable":true,"href":"https:\/\/abonyita.inf.elte.hu\/index.php?rest_route=%2Fwp%2Fv2%2Ftags&post=2329"}],"curies":[{"name":"wp","href":"https:\/\/api.w.org\/{rel}","templated":true}]}}