{"id":2324,"date":"2019-05-09T15:27:38","date_gmt":"2019-05-09T13:27:38","guid":{"rendered":"https:\/\/abonyita.inf.elte.hu\/?p=2324"},"modified":"2019-05-09T15:27:38","modified_gmt":"2019-05-09T13:27:38","slug":"kar-kivalo-oktatoja-dij-2019","status":"publish","type":"post","link":"https:\/\/abonyita.inf.elte.hu\/?p=2324","title":{"rendered":"Kar kiv\u00e1l\u00f3 oktat\u00f3ja d\u00edj &#8211; 2019"},"content":{"rendered":"<p>A 2019-es Neumann-napon abban a megtiszteltet\u00e9sben lehetett r\u00e9szem, hogy a tan\u00e1rszakos hallgat\u00f3k szavazata alapj\u00e1n az ELTE Informatikai Kar kiv\u00e1l\u00f3 oktat\u00f3ja kit\u00fcntet\u00e9st vehettem \u00e1t. Nagyon k\u00f6sz\u00f6n\u00f6m a szavazatokat!<\/p>\n","protected":false},"excerpt":{"rendered":"<p>A 2019-es Neumann-napon abban a megtiszteltet\u00e9sben lehetett r\u00e9szem, hogy a tan\u00e1rszakos hallgat\u00f3k szavazata alapj\u00e1n az ELTE Informatikai Kar kiv\u00e1l\u00f3 oktat\u00f3ja kit\u00fcntet\u00e9st vehettem \u00e1t. Nagyon k\u00f6sz\u00f6n\u00f6m a szavazatokat!<\/p>\n<a href=\"https:\/\/abonyita.inf.elte.hu\/?p=2324\" class=\"read-more-link\">Tov\u00e1bb olvasom  <span class=\"screen-reader-text\">\"Kar kiv\u00e1l\u00f3 oktat\u00f3ja d\u00edj &#8211; 2019\"<\/span> <span class=\"meta-nav\">&rarr;<\/span><\/a>","protected":false},"author":1,"featured_media":2325,"comment_status":"closed","ping_status":"closed","sticky":false,"template":"","format":"standard","meta":{"footnotes":""},"categories":[1],"tags":[],"class_list":["post-2324","post","type-post","status-publish","format-standard","has-post-thumbnail","hentry","category-nem-kategorizalt","penguin-post","penguin-post-not-sticky"],"_links":{"self":[{"href":"https:\/\/abonyita.inf.elte.hu\/index.php?rest_route=\/wp\/v2\/posts\/2324","targetHints":{"allow":["GET"]}}],"collection":[{"href":"https:\/\/abonyita.inf.elte.hu\/index.php?rest_route=\/wp\/v2\/posts"}],"about":[{"href":"https:\/\/abonyita.inf.elte.hu\/index.php?rest_route=\/wp\/v2\/types\/post"}],"author":[{"embeddable":true,"href":"https:\/\/abonyita.inf.elte.hu\/index.php?rest_route=\/wp\/v2\/users\/1"}],"replies":[{"embeddable":true,"href":"https:\/\/abonyita.inf.elte.hu\/index.php?rest_route=%2Fwp%2Fv2%2Fcomments&post=2324"}],"version-history":[{"count":1,"href":"https:\/\/abonyita.inf.elte.hu\/index.php?rest_route=\/wp\/v2\/posts\/2324\/revisions"}],"predecessor-version":[{"id":2326,"href":"https:\/\/abonyita.inf.elte.hu\/index.php?rest_route=\/wp\/v2\/posts\/2324\/revisions\/2326"}],"wp:featuredmedia":[{"embeddable":true,"href":"https:\/\/abonyita.inf.elte.hu\/index.php?rest_route=\/wp\/v2\/media\/2325"}],"wp:attachment":[{"href":"https:\/\/abonyita.inf.elte.hu\/index.php?rest_route=%2Fwp%2Fv2%2Fmedia&parent=2324"}],"wp:term":[{"taxonomy":"category","embeddable":true,"href":"https:\/\/abonyita.inf.elte.hu\/index.php?rest_route=%2Fwp%2Fv2%2Fcategories&post=2324"},{"taxonomy":"post_tag","embeddable":true,"href":"https:\/\/abonyita.inf.elte.hu\/index.php?rest_route=%2Fwp%2Fv2%2Ftags&post=2324"}],"curies":[{"name":"wp","href":"https:\/\/api.w.org\/{rel}","templated":true}]}}