{"id":2280,"date":"2019-02-18T15:04:20","date_gmt":"2019-02-18T14:04:20","guid":{"rendered":"https:\/\/abonyita.inf.elte.hu\/?p=2280"},"modified":"2019-02-26T15:08:16","modified_gmt":"2019-02-26T14:08:16","slug":"oktatas-informatika-pedagogia-2019","status":"publish","type":"post","link":"https:\/\/abonyita.inf.elte.hu\/?p=2280","title":{"rendered":"Oktat\u00e1s-Informatika-Pedag\u00f3gia 2019"},"content":{"rendered":"<p>2019. febru\u00e1r 15-\u00e9n ker\u00fclt megrendez\u00e9sre az Oktat\u00e1s-Informatika-Pedag\u00f3gia 2019 konferencia Debrecenben.<\/p>\n<p>Az MTA PEDAG\u00d3GIAI TUDOM\u00c1NYOS BIZOTTS\u00c1G INFORMATIKAI ALBIZOTTS\u00c1G nyilv\u00e1nos \u00fcl\u00e9s\u00e9n T\u00f3th-M\u00f3zer Szilvi\u00e1val tartottunk el\u0151ad\u00e1st &#8222;A Ny\u00edlt kurzusok tervez\u00e9se c\u00edm\u0171 ELTE MOOC tapasztalatai&#8221; c\u00edmmel.<\/p>\n<p>A konferencia webc\u00edme: <a target=\"_blank\" rel=\"noopener\" href=\"http:\/\/oktinfkonf2019.pedagogia-online.hu\">http:\/\/oktinfkonf2019.pedagogia-online.hu<\/a><\/p>\n","protected":false},"excerpt":{"rendered":"<p>2019. febru\u00e1r 15-\u00e9n ker\u00fclt megrendez\u00e9sre az Oktat\u00e1s-Informatika-Pedag\u00f3gia 2019 konferencia Debrecenben. Az MTA PEDAG\u00d3GIAI TUDOM\u00c1NYOS BIZOTTS\u00c1G INFORMATIKAI ALBIZOTTS\u00c1G nyilv\u00e1nos \u00fcl\u00e9s\u00e9n T\u00f3th-M\u00f3zer Szilvi\u00e1val tartottunk el\u0151ad\u00e1st &#8222;A Ny\u00edlt kurzusok tervez\u00e9se c\u00edm\u0171 ELTE MOOC tapasztalatai&#8221; c\u00edmmel. A konferencia webc\u00edme: http:\/\/oktinfkonf2019.pedagogia-online.hu<\/p>\n<a href=\"https:\/\/abonyita.inf.elte.hu\/?p=2280\" class=\"read-more-link\">Tov\u00e1bb olvasom  <span class=\"screen-reader-text\">\"Oktat\u00e1s-Informatika-Pedag\u00f3gia 2019\"<\/span> <span class=\"meta-nav\">&rarr;<\/span><\/a>","protected":false},"author":1,"featured_media":2279,"comment_status":"open","ping_status":"closed","sticky":false,"template":"","format":"standard","meta":{"footnotes":""},"categories":[1],"tags":[],"class_list":["post-2280","post","type-post","status-publish","format-standard","has-post-thumbnail","hentry","category-nem-kategorizalt","penguin-post","penguin-post-not-sticky"],"_links":{"self":[{"href":"https:\/\/abonyita.inf.elte.hu\/index.php?rest_route=\/wp\/v2\/posts\/2280","targetHints":{"allow":["GET"]}}],"collection":[{"href":"https:\/\/abonyita.inf.elte.hu\/index.php?rest_route=\/wp\/v2\/posts"}],"about":[{"href":"https:\/\/abonyita.inf.elte.hu\/index.php?rest_route=\/wp\/v2\/types\/post"}],"author":[{"embeddable":true,"href":"https:\/\/abonyita.inf.elte.hu\/index.php?rest_route=\/wp\/v2\/users\/1"}],"replies":[{"embeddable":true,"href":"https:\/\/abonyita.inf.elte.hu\/index.php?rest_route=%2Fwp%2Fv2%2Fcomments&post=2280"}],"version-history":[{"count":2,"href":"https:\/\/abonyita.inf.elte.hu\/index.php?rest_route=\/wp\/v2\/posts\/2280\/revisions"}],"predecessor-version":[{"id":2282,"href":"https:\/\/abonyita.inf.elte.hu\/index.php?rest_route=\/wp\/v2\/posts\/2280\/revisions\/2282"}],"wp:featuredmedia":[{"embeddable":true,"href":"https:\/\/abonyita.inf.elte.hu\/index.php?rest_route=\/wp\/v2\/media\/2279"}],"wp:attachment":[{"href":"https:\/\/abonyita.inf.elte.hu\/index.php?rest_route=%2Fwp%2Fv2%2Fmedia&parent=2280"}],"wp:term":[{"taxonomy":"category","embeddable":true,"href":"https:\/\/abonyita.inf.elte.hu\/index.php?rest_route=%2Fwp%2Fv2%2Fcategories&post=2280"},{"taxonomy":"post_tag","embeddable":true,"href":"https:\/\/abonyita.inf.elte.hu\/index.php?rest_route=%2Fwp%2Fv2%2Ftags&post=2280"}],"curies":[{"name":"wp","href":"https:\/\/api.w.org\/{rel}","templated":true}]}}