{"id":1914,"date":"2017-05-03T14:53:58","date_gmt":"2017-05-03T12:53:58","guid":{"rendered":"https:\/\/abonyita.inf.elte.hu\/?p=1914"},"modified":"2019-01-03T15:26:08","modified_gmt":"2019-01-03T14:26:08","slug":"1914","status":"publish","type":"post","link":"https:\/\/abonyita.inf.elte.hu\/?p=1914","title":{"rendered":"Kar kiv\u00e1l\u00f3 oktat\u00f3ja d\u00edj"},"content":{"rendered":"<p><a href=\"https:\/\/abonyita.inf.elte.hu\/wp-content\/uploads\/2017\/05\/20170427_153043.jpg\"><img loading=\"lazy\" decoding=\"async\" class=\"alignright wp-image-1915 size-medium\" src=\"https:\/\/abonyita.inf.elte.hu\/wp-content\/uploads\/2017\/05\/20170427_153043-193x300.jpg\" alt=\"Kiv\u00e1l\u00f3 oktat\u00f3 oklev\u00e9l 2017\" width=\"193\" height=\"300\" srcset=\"https:\/\/abonyita.inf.elte.hu\/wp-content\/uploads\/2017\/05\/20170427_153043-193x300.jpg 193w, https:\/\/abonyita.inf.elte.hu\/wp-content\/uploads\/2017\/05\/20170427_153043-768x1194.jpg 768w, https:\/\/abonyita.inf.elte.hu\/wp-content\/uploads\/2017\/05\/20170427_153043-659x1024.jpg 659w, https:\/\/abonyita.inf.elte.hu\/wp-content\/uploads\/2017\/05\/20170427_153043.jpg 800w\" sizes=\"auto, (max-width: 599px) calc(100vw - 50px), (max-width: 767px) calc(100vw - 70px), (max-width: 991px) 429px, (max-width: 1199px) 637px, 354px\" \/><\/a>A 2017-es Neumann-napon abban a megtiszteltet\u00e9sben lehetett r\u00e9szem, hogy a hallgat\u00f3k szavazata alapj\u00e1n az ELTE Informatikai Kar kiv\u00e1l\u00f3 oktat\u00f3ja kit\u00fcntet\u00e9st vehettem \u00e1t Albert G\u00e1sp\u00e1r, Jos\u00e9 Jes\u00fas Reyes Nunez \u00e9s Valasek G\u00e1bor koll\u00e9g\u00e1immal egy\u00fctt.<\/p>\n<blockquote><p>&#8222;<em>A Kar Kiv\u00e1l\u00f3 Oktat\u00f3ja v\u00e1laszt\u00e1st az Informatikai Kar Kari Tan\u00e1cs\u00e1nak egyet\u00e9rt\u00e9s\u00e9vel a mindenkori Informatikai Kari Hallgat\u00f3i \u00d6nkorm\u00e1nyzat rendezi azzal a sz\u00e1nd\u00e9kkal, hogy a c\u00edm adom\u00e1nyoz\u00e1s\u00e1val elismerje a Kar kiemelked\u0151 oktat\u00e1si tev\u00e9kenys\u00e9get ny\u00fajt\u00f3 oktat\u00f3inak munk\u00e1j\u00e1t. Kar Kiv\u00e1l\u00f3 Oktat\u00f3j\u00e1nak v\u00e1laszthat\u00f3k az Informatikai Karon azok az oktat\u00f3k, akik a Kar \u00e1ltal meghirdetett kurzusok valamelyik\u00e9n oktatnak, \u00e9s nincs hallgat\u00f3i jogviszonyuk az Informatikai Karral. A c\u00edm egy oktat\u00f3nak h\u00e1rom\u00e9vente legfeljebb egyszer adom\u00e1nyozhat\u00f3.<\/em>&#8221; (Forr\u00e1s: <a href=\"http:\/\/www.wherevent.com\/detail\/ELTE-IK-HOeK-Kar-Kivalo-Oktatoja-szavazas\">wherevent<\/a>)<\/p><\/blockquote>\n<p>Nagyon k\u00f6sz\u00f6n\u00f6m mindenkinek, aki r\u00e1m (is) szavazott!<\/p>\n","protected":false},"excerpt":{"rendered":"<p>A 2017-es Neumann-napon abban a megtiszteltet\u00e9sben lehetett r\u00e9szem, hogy a hallgat\u00f3k szavazata alapj\u00e1n az ELTE Informatikai Kar kiv\u00e1l\u00f3 oktat\u00f3ja kit\u00fcntet\u00e9st vehettem \u00e1t Albert G\u00e1sp\u00e1r, Jos\u00e9 Jes\u00fas Reyes Nunez \u00e9s Valasek G\u00e1bor koll\u00e9g\u00e1immal egy\u00fctt. &#8222;A Kar Kiv\u00e1l\u00f3 Oktat\u00f3ja v\u00e1laszt\u00e1st az Informatikai Kar Kari Tan\u00e1cs\u00e1nak egyet\u00e9rt\u00e9s\u00e9vel a mindenkori Informatikai Kari Hallgat\u00f3i \u00d6nkorm\u00e1nyzat rendezi azzal a sz\u00e1nd\u00e9kkal, hogy &#8230;<\/p>\n<a href=\"https:\/\/abonyita.inf.elte.hu\/?p=1914\" class=\"read-more-link\">Tov\u00e1bb olvasom  <span class=\"screen-reader-text\">\"Kar kiv\u00e1l\u00f3 oktat\u00f3ja d\u00edj\"<\/span> <span class=\"meta-nav\">&rarr;<\/span><\/a>","protected":false},"author":1,"featured_media":1916,"comment_status":"closed","ping_status":"closed","sticky":false,"template":"","format":"standard","meta":{"footnotes":""},"categories":[6],"tags":[],"class_list":["post-1914","post","type-post","status-publish","format-standard","has-post-thumbnail","hentry","category-hirek","penguin-post","penguin-post-not-sticky"],"_links":{"self":[{"href":"https:\/\/abonyita.inf.elte.hu\/index.php?rest_route=\/wp\/v2\/posts\/1914","targetHints":{"allow":["GET"]}}],"collection":[{"href":"https:\/\/abonyita.inf.elte.hu\/index.php?rest_route=\/wp\/v2\/posts"}],"about":[{"href":"https:\/\/abonyita.inf.elte.hu\/index.php?rest_route=\/wp\/v2\/types\/post"}],"author":[{"embeddable":true,"href":"https:\/\/abonyita.inf.elte.hu\/index.php?rest_route=\/wp\/v2\/users\/1"}],"replies":[{"embeddable":true,"href":"https:\/\/abonyita.inf.elte.hu\/index.php?rest_route=%2Fwp%2Fv2%2Fcomments&post=1914"}],"version-history":[{"count":3,"href":"https:\/\/abonyita.inf.elte.hu\/index.php?rest_route=\/wp\/v2\/posts\/1914\/revisions"}],"predecessor-version":[{"id":1919,"href":"https:\/\/abonyita.inf.elte.hu\/index.php?rest_route=\/wp\/v2\/posts\/1914\/revisions\/1919"}],"wp:featuredmedia":[{"embeddable":true,"href":"https:\/\/abonyita.inf.elte.hu\/index.php?rest_route=\/wp\/v2\/media\/1916"}],"wp:attachment":[{"href":"https:\/\/abonyita.inf.elte.hu\/index.php?rest_route=%2Fwp%2Fv2%2Fmedia&parent=1914"}],"wp:term":[{"taxonomy":"category","embeddable":true,"href":"https:\/\/abonyita.inf.elte.hu\/index.php?rest_route=%2Fwp%2Fv2%2Fcategories&post=1914"},{"taxonomy":"post_tag","embeddable":true,"href":"https:\/\/abonyita.inf.elte.hu\/index.php?rest_route=%2Fwp%2Fv2%2Ftags&post=1914"}],"curies":[{"name":"wp","href":"https:\/\/api.w.org\/{rel}","templated":true}]}}