{"id":1872,"date":"2016-12-19T16:10:36","date_gmt":"2016-12-19T15:10:36","guid":{"rendered":"https:\/\/abonyita.inf.elte.hu\/?p=1872"},"modified":"2016-12-19T16:16:05","modified_gmt":"2016-12-19T15:16:05","slug":"elearning-minosegi-dijat-kapott-ket-elearning-tananyagunk","status":"publish","type":"post","link":"https:\/\/abonyita.inf.elte.hu\/?p=1872","title":{"rendered":"eLearning Min\u0151s\u00e9gi D\u00edjat kapott k\u00e9t e-learning tananyagunk"},"content":{"rendered":"<p>Id\u00e9n tizenhetedik alkalommal ker\u00fclt megrendez\u00e9sre a hazai e-learning szakma legrangosabb \u00e9ves szakmai esem\u00e9nye az eLearning F\u00f3rum \u00e9s id\u00e9n el\u0151sz\u00f6r a F\u00f3rum szervez\u0151bizotts\u00e1ga eLearning Min\u0151s\u00e9gi D\u00edj c\u00edmen p\u00e1ly\u00e1zatot hirdetett min\u0151s\u00e9gi e-learning tartalmak fejleszt\u0151i sz\u00e1m\u00e1ra.<\/p>\n<p>A p\u00e1ly\u00e1zatokat szakmai bizotts\u00e1g b\u00edr\u00e1lta el \u00e9s szakmai javaslatuk alapj\u00e1n a F\u00f3rum szervez\u0151 bizotts\u00e1ga az al\u00e1bbi, k\u00e9t e-learning tananyagunkat is min\u0151s\u00e9gi d\u00edj elismer\u00e9sben r\u00e9szes\u00edtette:<\/p>\n<ul>\n<li>Abonyi-T\u00f3th Andor, Horv\u00e1th Gy\u0151z\u0151, Tarcsi \u00c1d\u00e1m: <a href=\"http:\/\/www.tankonyvtar.hu\/hu\/tartalom\/tamop412A\/2011-0052_33_honlapok_funkcionalis_es_arculati_tervezese_megvalositasa\/index.scorml\" target=\"_blank\">Honlapok funkcion\u00e1lis- \u00e9s arculati tervez\u00e9se, megval\u00f3s\u00edt\u00e1sa<\/a><\/li>\n<li>Abonyi-T\u00f3th Andor: <a href=\"http:\/\/www.tankonyvtar.hu\/hu\/tartalom\/tamop412A\/2011-0052_27_weblapkeszites_technikaja_ergonomiaja\/index.scorml\" target=\"_blank\">A weblapk\u00e9sz\u00edt\u00e9s technik\u00e1ja (HTML5, CSS3) \u00e9s ergon\u00f3mi\u00e1ja<\/a><\/li>\n<\/ul>\n<p>&nbsp;<\/p>\n","protected":false},"excerpt":{"rendered":"<p>Id\u00e9n tizenhetedik alkalommal ker\u00fclt megrendez\u00e9sre a hazai e-learning szakma legrangosabb \u00e9ves szakmai esem\u00e9nye az eLearning F\u00f3rum \u00e9s id\u00e9n el\u0151sz\u00f6r a F\u00f3rum szervez\u0151bizotts\u00e1ga eLearning Min\u0151s\u00e9gi D\u00edj c\u00edmen p\u00e1ly\u00e1zatot hirdetett min\u0151s\u00e9gi e-learning tartalmak fejleszt\u0151i sz\u00e1m\u00e1ra. A p\u00e1ly\u00e1zatokat szakmai bizotts\u00e1g b\u00edr\u00e1lta el \u00e9s szakmai javaslatuk alapj\u00e1n a F\u00f3rum szervez\u0151 bizotts\u00e1ga az al\u00e1bbi, k\u00e9t e-learning tananyagunkat is min\u0151s\u00e9gi d\u00edj &#8230;<\/p>\n<a href=\"https:\/\/abonyita.inf.elte.hu\/?p=1872\" class=\"read-more-link\">Tov\u00e1bb olvasom  <span class=\"screen-reader-text\">\"eLearning Min\u0151s\u00e9gi D\u00edjat kapott k\u00e9t e-learning tananyagunk\"<\/span> <span class=\"meta-nav\">&rarr;<\/span><\/a>","protected":false},"author":1,"featured_media":0,"comment_status":"closed","ping_status":"closed","sticky":false,"template":"","format":"standard","meta":{"footnotes":""},"categories":[6],"tags":[],"class_list":["post-1872","post","type-post","status-publish","format-standard","hentry","category-hirek","penguin-post","penguin-post-not-sticky"],"_links":{"self":[{"href":"https:\/\/abonyita.inf.elte.hu\/index.php?rest_route=\/wp\/v2\/posts\/1872","targetHints":{"allow":["GET"]}}],"collection":[{"href":"https:\/\/abonyita.inf.elte.hu\/index.php?rest_route=\/wp\/v2\/posts"}],"about":[{"href":"https:\/\/abonyita.inf.elte.hu\/index.php?rest_route=\/wp\/v2\/types\/post"}],"author":[{"embeddable":true,"href":"https:\/\/abonyita.inf.elte.hu\/index.php?rest_route=\/wp\/v2\/users\/1"}],"replies":[{"embeddable":true,"href":"https:\/\/abonyita.inf.elte.hu\/index.php?rest_route=%2Fwp%2Fv2%2Fcomments&post=1872"}],"version-history":[{"count":4,"href":"https:\/\/abonyita.inf.elte.hu\/index.php?rest_route=\/wp\/v2\/posts\/1872\/revisions"}],"predecessor-version":[{"id":1879,"href":"https:\/\/abonyita.inf.elte.hu\/index.php?rest_route=\/wp\/v2\/posts\/1872\/revisions\/1879"}],"wp:attachment":[{"href":"https:\/\/abonyita.inf.elte.hu\/index.php?rest_route=%2Fwp%2Fv2%2Fmedia&parent=1872"}],"wp:term":[{"taxonomy":"category","embeddable":true,"href":"https:\/\/abonyita.inf.elte.hu\/index.php?rest_route=%2Fwp%2Fv2%2Fcategories&post=1872"},{"taxonomy":"post_tag","embeddable":true,"href":"https:\/\/abonyita.inf.elte.hu\/index.php?rest_route=%2Fwp%2Fv2%2Ftags&post=1872"}],"curies":[{"name":"wp","href":"https:\/\/api.w.org\/{rel}","templated":true}]}}