{"id":1861,"date":"2016-11-10T18:44:27","date_gmt":"2016-11-10T17:44:27","guid":{"rendered":"https:\/\/abonyita.inf.elte.hu\/?p=1861"},"modified":"2016-11-10T18:44:27","modified_gmt":"2016-11-10T17:44:27","slug":"e-learning-kepzesek-2016-november","status":"publish","type":"post","link":"https:\/\/abonyita.inf.elte.hu\/?p=1861","title":{"rendered":"E-learning k\u00e9pz\u00e9sek (2016. november)"},"content":{"rendered":"<p>Novemberben \u00fajabb<a href=\"https:\/\/www.elte.hu\/elearning\/kepzesek\" target=\"_blank\"> e-learning k\u00e9pz\u00e9seket<\/a> szervez az Oktat\u00e1sfejleszt\u00e9si \u00e9s Tehets\u00e9ggondoz\u00e1si Iroda.<\/p>\n<p>Az oktat\u00f3knak sz\u00f3l\u00f3 kurzusok 6&#215;45 percben lesznek megtartva az al\u00e1bbi napokon:<\/p>\n<ul>\n<li><strong>2016. november 18., p\u00e9ntek, 13.00-18.00 \u00a0<\/strong><\/li>\n<li>Tartsayn\u00e9 Dr. N\u00e9meth N\u00f3ra: Moodle-kurzus kezd\u0151knek<br \/>\nKazinczy utcai campus, 313. terem<\/li>\n<li><strong>2016. november 18., p\u00e9ntek, 14.00-19.00 \u00a0<\/strong><br \/>\nDr. Abonyi-T\u00f3th Andor: Canvas-kurzus kezd\u0151knek<br \/>\nL\u00e1gym\u00e1nyosi Campus, D\u00e9li t\u00f6mb, Programoz\u00e1si Nyelvek labor, 00-803<\/li>\n<li><strong>2016. november 25., p\u00e9ntek, 13.00-18.00 \u00a0<\/strong><br \/>\nTartsayn\u00e9 Dr. N\u00e9meth N\u00f3ra: Moodle-kurzus kezd\u0151knek<br \/>\nKazinczy utcai campus, 313. terem<\/li>\n<\/ul>\n<p>Jelentkezni munkahelyi adatok (kar, int\u00e9zet, tansz\u00e9k, e-mail) megad\u00e1s\u00e1val, <a href=\"https:\/\/goo.gl\/forms\/ZugN7jv4FtSG0yxn1\">az al\u00e1bbi \u0171rlap<\/a> seg\u00edts\u00e9g\u00e9vel lehet. A jelentkez\u00e9s folyamatos, a v\u00e9gleges r\u00e9sztvev\u0151k list\u00e1j\u00e1nak kialak\u00edt\u00e1sa a jelentkez\u00e9s sorrendj\u00e9ben t\u00f6rt\u00e9nik, t\u00faljelentkez\u00e9s eset\u00e9n adand\u00f3 alkalommal v\u00e1r\u00f3list\u00e1r\u00f3l is be lehet ker\u00fclni.<\/p>\n","protected":false},"excerpt":{"rendered":"<p>Novemberben \u00fajabb e-learning k\u00e9pz\u00e9seket szervez az Oktat\u00e1sfejleszt\u00e9si \u00e9s Tehets\u00e9ggondoz\u00e1si Iroda. Az oktat\u00f3knak sz\u00f3l\u00f3 kurzusok 6&#215;45 percben lesznek megtartva az al\u00e1bbi napokon: 2016. november 18., p\u00e9ntek, 13.00-18.00 \u00a0 Tartsayn\u00e9 Dr. N\u00e9meth N\u00f3ra: Moodle-kurzus kezd\u0151knek Kazinczy utcai campus, 313. terem 2016. november 18., p\u00e9ntek, 14.00-19.00 \u00a0 Dr. Abonyi-T\u00f3th Andor: Canvas-kurzus kezd\u0151knek L\u00e1gym\u00e1nyosi Campus, D\u00e9li t\u00f6mb, Programoz\u00e1si Nyelvek &#8230;<\/p>\n<a href=\"https:\/\/abonyita.inf.elte.hu\/?p=1861\" class=\"read-more-link\">Tov\u00e1bb olvasom  <span class=\"screen-reader-text\">\"E-learning k\u00e9pz\u00e9sek (2016. november)\"<\/span> <span class=\"meta-nav\">&rarr;<\/span><\/a>","protected":false},"author":1,"featured_media":0,"comment_status":"open","ping_status":"closed","sticky":false,"template":"","format":"standard","meta":{"footnotes":""},"categories":[140],"tags":[],"class_list":["post-1861","post","type-post","status-publish","format-standard","hentry","category-kepzesek","penguin-post","penguin-post-not-sticky"],"_links":{"self":[{"href":"https:\/\/abonyita.inf.elte.hu\/index.php?rest_route=\/wp\/v2\/posts\/1861","targetHints":{"allow":["GET"]}}],"collection":[{"href":"https:\/\/abonyita.inf.elte.hu\/index.php?rest_route=\/wp\/v2\/posts"}],"about":[{"href":"https:\/\/abonyita.inf.elte.hu\/index.php?rest_route=\/wp\/v2\/types\/post"}],"author":[{"embeddable":true,"href":"https:\/\/abonyita.inf.elte.hu\/index.php?rest_route=\/wp\/v2\/users\/1"}],"replies":[{"embeddable":true,"href":"https:\/\/abonyita.inf.elte.hu\/index.php?rest_route=%2Fwp%2Fv2%2Fcomments&post=1861"}],"version-history":[{"count":1,"href":"https:\/\/abonyita.inf.elte.hu\/index.php?rest_route=\/wp\/v2\/posts\/1861\/revisions"}],"predecessor-version":[{"id":1862,"href":"https:\/\/abonyita.inf.elte.hu\/index.php?rest_route=\/wp\/v2\/posts\/1861\/revisions\/1862"}],"wp:attachment":[{"href":"https:\/\/abonyita.inf.elte.hu\/index.php?rest_route=%2Fwp%2Fv2%2Fmedia&parent=1861"}],"wp:term":[{"taxonomy":"category","embeddable":true,"href":"https:\/\/abonyita.inf.elte.hu\/index.php?rest_route=%2Fwp%2Fv2%2Fcategories&post=1861"},{"taxonomy":"post_tag","embeddable":true,"href":"https:\/\/abonyita.inf.elte.hu\/index.php?rest_route=%2Fwp%2Fv2%2Ftags&post=1861"}],"curies":[{"name":"wp","href":"https:\/\/api.w.org\/{rel}","templated":true}]}}