{"id":1859,"date":"2016-11-10T18:41:56","date_gmt":"2016-11-10T17:41:56","guid":{"rendered":"https:\/\/abonyita.inf.elte.hu\/?p=1859"},"modified":"2016-11-10T18:41:56","modified_gmt":"2016-11-10T17:41:56","slug":"tudos-tanarok-tanar-tudosok","status":"publish","type":"post","link":"https:\/\/abonyita.inf.elte.hu\/?p=1859","title":{"rendered":"Tud\u00f3s tan\u00e1rok \u2013 tan\u00e1r tud\u00f3sok"},"content":{"rendered":"<p>Az E\u00f6tv\u00f6s Lor\u00e1nd Tudom\u00e1nyegyetem Tan\u00e1rk\u00e9pz\u0151 K\u00f6zpontja 2016. november 8-9-\u00e9n (kedd \u00e9s szerda) rendezte meg a \u201e<a href=\"http:\/\/tudostanar.elte.hu\" target=\"_blank\">Tud\u00f3s tan\u00e1rok \u2013 tan\u00e1r tud\u00f3sok<\/a>\u201d konferenciasorozat\u00e1nak k\u00f6vetkez\u0151 rendezv\u00e9ny\u00e9t, melynek c\u00edme: F\u00f3kuszban a tanul\u00e1s \u00e9s a tan\u00edt\u00e1s \u00e9rt\u00e9kel\u00e9se.<\/p>\n<p>A konferenci\u00e1n &#8222;Mit m\u00e9r a Logo programoz\u00e1si verseny?&#8221; c\u00edmmel tartott el\u0151ad\u00e1st Zsak\u00f3 L\u00e1szl\u00f3. Az el\u0151ad\u00e1s t\u00e1rsszerz\u0151i Heizlern\u00e9 Bakonyi Vikt\u00f3ria \u00e9s j\u00f3magam voltunk.<\/p>\n<div data-canvas-width=\"112.66\"><\/div>\n","protected":false},"excerpt":{"rendered":"<p>Az E\u00f6tv\u00f6s Lor\u00e1nd Tudom\u00e1nyegyetem Tan\u00e1rk\u00e9pz\u0151 K\u00f6zpontja 2016. november 8-9-\u00e9n (kedd \u00e9s szerda) rendezte meg a \u201eTud\u00f3s tan\u00e1rok \u2013 tan\u00e1r tud\u00f3sok\u201d konferenciasorozat\u00e1nak k\u00f6vetkez\u0151 rendezv\u00e9ny\u00e9t, melynek c\u00edme: F\u00f3kuszban a tanul\u00e1s \u00e9s a tan\u00edt\u00e1s \u00e9rt\u00e9kel\u00e9se. A konferenci\u00e1n &#8222;Mit m\u00e9r a Logo programoz\u00e1si verseny?&#8221; c\u00edmmel tartott el\u0151ad\u00e1st Zsak\u00f3 L\u00e1szl\u00f3. Az el\u0151ad\u00e1s t\u00e1rsszerz\u0151i Heizlern\u00e9 Bakonyi Vikt\u00f3ria \u00e9s j\u00f3magam voltunk.<\/p>\n<a href=\"https:\/\/abonyita.inf.elte.hu\/?p=1859\" class=\"read-more-link\">Tov\u00e1bb olvasom  <span class=\"screen-reader-text\">\"Tud\u00f3s tan\u00e1rok \u2013 tan\u00e1r tud\u00f3sok\"<\/span> <span class=\"meta-nav\">&rarr;<\/span><\/a>","protected":false},"author":1,"featured_media":0,"comment_status":"open","ping_status":"closed","sticky":false,"template":"","format":"standard","meta":{"footnotes":""},"categories":[60],"tags":[],"class_list":["post-1859","post","type-post","status-publish","format-standard","hentry","category-konferencia","penguin-post","penguin-post-not-sticky"],"_links":{"self":[{"href":"https:\/\/abonyita.inf.elte.hu\/index.php?rest_route=\/wp\/v2\/posts\/1859","targetHints":{"allow":["GET"]}}],"collection":[{"href":"https:\/\/abonyita.inf.elte.hu\/index.php?rest_route=\/wp\/v2\/posts"}],"about":[{"href":"https:\/\/abonyita.inf.elte.hu\/index.php?rest_route=\/wp\/v2\/types\/post"}],"author":[{"embeddable":true,"href":"https:\/\/abonyita.inf.elte.hu\/index.php?rest_route=\/wp\/v2\/users\/1"}],"replies":[{"embeddable":true,"href":"https:\/\/abonyita.inf.elte.hu\/index.php?rest_route=%2Fwp%2Fv2%2Fcomments&post=1859"}],"version-history":[{"count":1,"href":"https:\/\/abonyita.inf.elte.hu\/index.php?rest_route=\/wp\/v2\/posts\/1859\/revisions"}],"predecessor-version":[{"id":1860,"href":"https:\/\/abonyita.inf.elte.hu\/index.php?rest_route=\/wp\/v2\/posts\/1859\/revisions\/1860"}],"wp:attachment":[{"href":"https:\/\/abonyita.inf.elte.hu\/index.php?rest_route=%2Fwp%2Fv2%2Fmedia&parent=1859"}],"wp:term":[{"taxonomy":"category","embeddable":true,"href":"https:\/\/abonyita.inf.elte.hu\/index.php?rest_route=%2Fwp%2Fv2%2Fcategories&post=1859"},{"taxonomy":"post_tag","embeddable":true,"href":"https:\/\/abonyita.inf.elte.hu\/index.php?rest_route=%2Fwp%2Fv2%2Ftags&post=1859"}],"curies":[{"name":"wp","href":"https:\/\/api.w.org\/{rel}","templated":true}]}}