{"id":1857,"date":"2016-10-10T18:31:30","date_gmt":"2016-10-10T16:31:30","guid":{"rendered":"https:\/\/abonyita.inf.elte.hu\/?p=1857"},"modified":"2016-11-10T18:58:30","modified_gmt":"2016-11-10T17:58:30","slug":"elte-rektori-kivalosagi-kulondij","status":"publish","type":"post","link":"https:\/\/abonyita.inf.elte.hu\/?p=1857","title":{"rendered":"ELTE Rektori kiv\u00e1l\u00f3s\u00e1gi k\u00fcl\u00f6nd\u00edj"},"content":{"rendered":"<blockquote><p>Az E\u00f6tv\u00f6s Lor\u00e1nd Tudom\u00e1nyegyetem rektora id\u00e9n ny\u00e1ron hat\u00e1rozott id\u0151re sz\u00f3l\u00f3, kiemelked\u0151 teljes\u00edtm\u00e9ny\u00e9rt j\u00e1r\u00f3 k\u00fcl\u00f6nd\u00edjra \u00edrt ki p\u00e1ly\u00e1zatot. A p\u00e1ly\u00e1zat 2016. j\u00falius 14-\u00e9n kelt ki\u00edr\u00e1s\u00e1val az ELTE rektora az egyetem oktat\u00f3inak \u00e9s kutat\u00f3inak kiemelked\u0151 teljes\u00edtm\u00e9ny\u00e9t k\u00edv\u00e1nja elismerni. A k\u00fcl\u00f6nd\u00edjra p\u00e1ly\u00e1zhatott valamennyi az ELTE-n 2015. augusztus 1-j\u00e9n vagy ezt megel\u0151z\u0151en l\u00e9tes\u00edtett f\u0151\u00e1ll\u00e1sban folyamatosan, teljes munkaid\u0151ben foglalkoztatott, hat\u00e1rozatlan id\u0151re sz\u00f3l\u00f3 k\u00f6zalkalmazotti jogviszonyban \u00e1ll\u00f3 oktat\u00f3 \u00e9s kutat\u00f3, aki regisztr\u00e1lt az ELTE Strat\u00e9giai Adatb\u00e1zis\u00e1ban, \u00e9s ott valid\u00e1lt adatokkal rendelkezik.<\/p>\n<p>A p\u00e1ly\u00e1z\u00f3k oktat\u00e1si tev\u00e9kenys\u00e9g\u00e9t, tudom\u00e1nyos kutat\u00e1sait \u00e9s egyetemi k\u00f6z\u00e9leti aktivit\u00e1s\u00e1t egyar\u00e1nt \u00e9rt\u00e9kelt\u00e9k, a K\u00fcl\u00f6nd\u00edjban azok a p\u00e1ly\u00e1z\u00f3k r\u00e9szes\u00fclhettek, akik mindh\u00e1rom komponens eset\u00e9ben kiemelked\u0151 munk\u00e1t v\u00e9geznek.<\/p><\/blockquote>\n<p><a href=\"https:\/\/www.elte.hu\/content\/a-rektori-kivalosagi-kulondij-nyertesei.t.12400\" target=\"_blank\">A p\u00e1ly\u00e1zat nyerteseinek list\u00e1ja itt olvashat\u00f3.<\/a> B\u00fcszkes\u00e9ggel t\u00f6lt el, hogy a d\u00edjazottak k\u00f6r\u00e9ben lehetek.<\/p>\n","protected":false},"excerpt":{"rendered":"<p>Az E\u00f6tv\u00f6s Lor\u00e1nd Tudom\u00e1nyegyetem rektora id\u00e9n ny\u00e1ron hat\u00e1rozott id\u0151re sz\u00f3l\u00f3, kiemelked\u0151 teljes\u00edtm\u00e9ny\u00e9rt j\u00e1r\u00f3 k\u00fcl\u00f6nd\u00edjra \u00edrt ki p\u00e1ly\u00e1zatot. A p\u00e1ly\u00e1zat 2016. j\u00falius 14-\u00e9n kelt ki\u00edr\u00e1s\u00e1val az ELTE rektora az egyetem oktat\u00f3inak \u00e9s kutat\u00f3inak kiemelked\u0151 teljes\u00edtm\u00e9ny\u00e9t k\u00edv\u00e1nja elismerni. A k\u00fcl\u00f6nd\u00edjra p\u00e1ly\u00e1zhatott valamennyi az ELTE-n 2015. augusztus 1-j\u00e9n vagy ezt megel\u0151z\u0151en l\u00e9tes\u00edtett f\u0151\u00e1ll\u00e1sban folyamatosan, teljes munkaid\u0151ben foglalkoztatott, hat\u00e1rozatlan &#8230;<\/p>\n<a href=\"https:\/\/abonyita.inf.elte.hu\/?p=1857\" class=\"read-more-link\">Tov\u00e1bb olvasom  <span class=\"screen-reader-text\">\"ELTE Rektori kiv\u00e1l\u00f3s\u00e1gi k\u00fcl\u00f6nd\u00edj\"<\/span> <span class=\"meta-nav\">&rarr;<\/span><\/a>","protected":false},"author":1,"featured_media":0,"comment_status":"open","ping_status":"closed","sticky":false,"template":"","format":"standard","meta":{"footnotes":""},"categories":[6],"tags":[],"class_list":["post-1857","post","type-post","status-publish","format-standard","hentry","category-hirek","penguin-post","penguin-post-not-sticky"],"_links":{"self":[{"href":"https:\/\/abonyita.inf.elte.hu\/index.php?rest_route=\/wp\/v2\/posts\/1857","targetHints":{"allow":["GET"]}}],"collection":[{"href":"https:\/\/abonyita.inf.elte.hu\/index.php?rest_route=\/wp\/v2\/posts"}],"about":[{"href":"https:\/\/abonyita.inf.elte.hu\/index.php?rest_route=\/wp\/v2\/types\/post"}],"author":[{"embeddable":true,"href":"https:\/\/abonyita.inf.elte.hu\/index.php?rest_route=\/wp\/v2\/users\/1"}],"replies":[{"embeddable":true,"href":"https:\/\/abonyita.inf.elte.hu\/index.php?rest_route=%2Fwp%2Fv2%2Fcomments&post=1857"}],"version-history":[{"count":2,"href":"https:\/\/abonyita.inf.elte.hu\/index.php?rest_route=\/wp\/v2\/posts\/1857\/revisions"}],"predecessor-version":[{"id":1866,"href":"https:\/\/abonyita.inf.elte.hu\/index.php?rest_route=\/wp\/v2\/posts\/1857\/revisions\/1866"}],"wp:attachment":[{"href":"https:\/\/abonyita.inf.elte.hu\/index.php?rest_route=%2Fwp%2Fv2%2Fmedia&parent=1857"}],"wp:term":[{"taxonomy":"category","embeddable":true,"href":"https:\/\/abonyita.inf.elte.hu\/index.php?rest_route=%2Fwp%2Fv2%2Fcategories&post=1857"},{"taxonomy":"post_tag","embeddable":true,"href":"https:\/\/abonyita.inf.elte.hu\/index.php?rest_route=%2Fwp%2Fv2%2Ftags&post=1857"}],"curies":[{"name":"wp","href":"https:\/\/api.w.org\/{rel}","templated":true}]}}