{"id":1803,"date":"2016-06-06T10:30:37","date_gmt":"2016-06-06T08:30:37","guid":{"rendered":"https:\/\/abonyita.inf.elte.hu\/?p=1803"},"modified":"2016-06-06T10:30:37","modified_gmt":"2016-06-06T08:30:37","slug":"multimedia-az-oktatasban-2016-konferencia","status":"publish","type":"post","link":"https:\/\/abonyita.inf.elte.hu\/?p=1803","title":{"rendered":"Multim\u00e9dia az oktat\u00e1sban 2016 konferencia"},"content":{"rendered":"<p class=\"itemTitle\">A <a href=\"http:\/\/balatonimuzeum.hu\/kiallitasok\/programok\/item\/1015-xxii-multimedia-az-oktatasban-cimu-konferencia\" target=\"_blank\">XXII. &#8222;Multim\u00e9dia az oktat\u00e1sban&#8221; konferenci\u00e1nak<\/a>\u00a0 a keszthelyi Balatoni M\u00fazeum adott otthont 2016. j\u00fanius 3-4. k\u00f6z\u00f6tt, \u00edgy nem mindennapi k\u00f6rnyezet \u00e9s l\u00e1tv\u00e1nyvil\u00e1g k\u00f6sz\u00f6nt\u00f6tte a r\u00e9sztvev\u0151ket.<\/p>\n<div id=\"attachment_1804\" style=\"width: 310px\" class=\"wp-caption aligncenter\"><a href=\"https:\/\/abonyita.inf.elte.hu\/wp-content\/uploads\/2016\/06\/mmo2016.jpg\"><img loading=\"lazy\" decoding=\"async\" aria-describedby=\"caption-attachment-1804\" class=\"size-medium wp-image-1804\" src=\"https:\/\/abonyita.inf.elte.hu\/wp-content\/uploads\/2016\/06\/mmo2016-300x169.jpg\" alt=\"MMO 2016 konferencia megnyit\u00f3ja\" width=\"300\" height=\"169\" srcset=\"https:\/\/abonyita.inf.elte.hu\/wp-content\/uploads\/2016\/06\/mmo2016-300x169.jpg 300w, https:\/\/abonyita.inf.elte.hu\/wp-content\/uploads\/2016\/06\/mmo2016-768x432.jpg 768w, https:\/\/abonyita.inf.elte.hu\/wp-content\/uploads\/2016\/06\/mmo2016.jpg 960w\" sizes=\"auto, (max-width: 599px) calc(100vw - 50px), (max-width: 767px) calc(100vw - 70px), (max-width: 991px) 429px, (max-width: 1199px) 637px, 354px\" \/><\/a><p id=\"caption-attachment-1804\" class=\"wp-caption-text\">MMO 2016 konferencia megnyit\u00f3ja<\/p><\/div>\n<p>A konferenci\u00e1n 3 plen\u00e1ris el\u0151ad\u00e1st, illetve 8 szekci\u00f3ban \u00f6sszesen 42 szakmai el\u0151ad\u00e1st hallhattunk. J\u00f3magam &#8222;Multim\u00e9di\u00e1s e-tananyagok akad\u00e1lymentes el\u0151\u00e1ll\u00edt\u00e1s\u00e1nak automatiz\u00e1l\u00e1sa&#8221; c\u00edmmel tartottam el\u0151ad\u00e1st. \u00d6r\u00f6m\u00f6mre szolg\u00e1l, hogy az ehhez kapcsol\u00f3d\u00f3 publik\u00e1ci\u00f3mat a szekci\u00f3 legjobbj\u00e1nak v\u00e1lasztott\u00e1k.<\/p>\n<div id=\"attachment_1805\" style=\"width: 310px\" class=\"wp-caption aligncenter\"><a href=\"https:\/\/abonyita.inf.elte.hu\/wp-content\/uploads\/2016\/06\/20160606_101444.jpg\"><img loading=\"lazy\" decoding=\"async\" aria-describedby=\"caption-attachment-1805\" class=\"size-medium wp-image-1805\" src=\"https:\/\/abonyita.inf.elte.hu\/wp-content\/uploads\/2016\/06\/20160606_101444-300x169.jpg\" alt=\"Oklev\u00e9l a szekci\u00f3 legjobb publik\u00e1ci\u00f3ja c\u00edmr\u0151l\" width=\"300\" height=\"169\" srcset=\"https:\/\/abonyita.inf.elte.hu\/wp-content\/uploads\/2016\/06\/20160606_101444-300x169.jpg 300w, https:\/\/abonyita.inf.elte.hu\/wp-content\/uploads\/2016\/06\/20160606_101444-768x432.jpg 768w, https:\/\/abonyita.inf.elte.hu\/wp-content\/uploads\/2016\/06\/20160606_101444-1024x576.jpg 1024w, https:\/\/abonyita.inf.elte.hu\/wp-content\/uploads\/2016\/06\/20160606_101444-1920x1080.jpg 1920w\" sizes=\"auto, (max-width: 599px) calc(100vw - 50px), (max-width: 767px) calc(100vw - 70px), (max-width: 991px) 429px, (max-width: 1199px) 637px, 354px\" \/><\/a><p id=\"caption-attachment-1805\" class=\"wp-caption-text\">Oklev\u00e9l<\/p><\/div>\n<p>A konferencia j\u00f6v\u0151re a kolozsv\u00e1ri Babe\u0219-Bolyai Tudom\u00e1nyegyetemen ker\u00fcl megrendez\u00e9sre.<\/p>\n","protected":false},"excerpt":{"rendered":"<p>A XXII. &#8222;Multim\u00e9dia az oktat\u00e1sban&#8221; konferenci\u00e1nak\u00a0 a keszthelyi Balatoni M\u00fazeum adott otthont 2016. j\u00fanius 3-4. k\u00f6z\u00f6tt, \u00edgy nem mindennapi k\u00f6rnyezet \u00e9s l\u00e1tv\u00e1nyvil\u00e1g k\u00f6sz\u00f6nt\u00f6tte a r\u00e9sztvev\u0151ket. A konferenci\u00e1n 3 plen\u00e1ris el\u0151ad\u00e1st, illetve 8 szekci\u00f3ban \u00f6sszesen 42 szakmai el\u0151ad\u00e1st hallhattunk. J\u00f3magam &#8222;Multim\u00e9di\u00e1s e-tananyagok akad\u00e1lymentes el\u0151\u00e1ll\u00edt\u00e1s\u00e1nak automatiz\u00e1l\u00e1sa&#8221; c\u00edmmel tartottam el\u0151ad\u00e1st. \u00d6r\u00f6m\u00f6mre szolg\u00e1l, hogy az ehhez kapcsol\u00f3d\u00f3 publik\u00e1ci\u00f3mat a &#8230;<\/p>\n<a href=\"https:\/\/abonyita.inf.elte.hu\/?p=1803\" class=\"read-more-link\">Tov\u00e1bb olvasom  <span class=\"screen-reader-text\">\"Multim\u00e9dia az oktat\u00e1sban 2016 konferencia\"<\/span> <span class=\"meta-nav\">&rarr;<\/span><\/a>","protected":false},"author":1,"featured_media":0,"comment_status":"open","ping_status":"closed","sticky":false,"template":"","format":"standard","meta":{"footnotes":""},"categories":[23,60],"tags":[],"class_list":["post-1803","post","type-post","status-publish","format-standard","hentry","category-akadalymentesites","category-konferencia","penguin-post","penguin-post-not-sticky"],"_links":{"self":[{"href":"https:\/\/abonyita.inf.elte.hu\/index.php?rest_route=\/wp\/v2\/posts\/1803","targetHints":{"allow":["GET"]}}],"collection":[{"href":"https:\/\/abonyita.inf.elte.hu\/index.php?rest_route=\/wp\/v2\/posts"}],"about":[{"href":"https:\/\/abonyita.inf.elte.hu\/index.php?rest_route=\/wp\/v2\/types\/post"}],"author":[{"embeddable":true,"href":"https:\/\/abonyita.inf.elte.hu\/index.php?rest_route=\/wp\/v2\/users\/1"}],"replies":[{"embeddable":true,"href":"https:\/\/abonyita.inf.elte.hu\/index.php?rest_route=%2Fwp%2Fv2%2Fcomments&post=1803"}],"version-history":[{"count":1,"href":"https:\/\/abonyita.inf.elte.hu\/index.php?rest_route=\/wp\/v2\/posts\/1803\/revisions"}],"predecessor-version":[{"id":1806,"href":"https:\/\/abonyita.inf.elte.hu\/index.php?rest_route=\/wp\/v2\/posts\/1803\/revisions\/1806"}],"wp:attachment":[{"href":"https:\/\/abonyita.inf.elte.hu\/index.php?rest_route=%2Fwp%2Fv2%2Fmedia&parent=1803"}],"wp:term":[{"taxonomy":"category","embeddable":true,"href":"https:\/\/abonyita.inf.elte.hu\/index.php?rest_route=%2Fwp%2Fv2%2Fcategories&post=1803"},{"taxonomy":"post_tag","embeddable":true,"href":"https:\/\/abonyita.inf.elte.hu\/index.php?rest_route=%2Fwp%2Fv2%2Ftags&post=1803"}],"curies":[{"name":"wp","href":"https:\/\/api.w.org\/{rel}","templated":true}]}}