{"id":1727,"date":"2015-11-30T13:21:47","date_gmt":"2015-11-30T12:21:47","guid":{"rendered":"https:\/\/abonyita.inf.elte.hu\/?p=1727"},"modified":"2018-09-04T16:55:32","modified_gmt":"2018-09-04T14:55:32","slug":"jatekkeszites-a-kodolas-orajaban-az-imagine-logo-halado-lehetosegeivel","status":"publish","type":"post","link":"https:\/\/abonyita.inf.elte.hu\/?p=1727","title":{"rendered":"J\u00e1t\u00e9kk\u00e9sz\u00edt\u00e9s a K\u00f3dol\u00e1s \u00d3r\u00e1j\u00e1ban az Imagine Logo halad\u00f3 lehet\u0151s\u00e9geivel"},"content":{"rendered":"<p>Az <a href=\"http:\/\/infoera.hu\" target=\"_blank\" rel=\"noopener\">INFO \u00c9RA<\/a> Konferenci\u00e1n <i>J\u00e1t\u00e9kk\u00e9sz\u00edt\u00e9s a K\u00f3dol\u00e1s \u00d3r\u00e1j\u00e1ban az Imagine Logo halad\u00f3 lehet\u0151s\u00e9geivel<\/i> c\u00edmmel tartottam el\u0151ad\u00e1st, melyben egy j\u00e1t\u00e9k k\u00e9sz\u00edt\u00e9s\u00e9nek l\u00e9p\u00e9seit mutattam be. Az ehhez kapcsol\u00f3d\u00f3 \u00e1llom\u00e1nyokat most mindenki sz\u00e1m\u00e1ra let\u00f6lthet\u0151v\u00e9 teszem.<\/p>\n<ul>\n<li><a href=\"http:\/\/bit.ly\/aszteroidatanari\" target=\"_blank\" rel=\"noopener\">Tan\u00e1ri \u00fatmutat\u00f3 let\u00f6lt\u00e9se<\/a><\/li>\n<li><a href=\"http:\/\/bit.ly\/aszteroida\" target=\"_blank\" rel=\"noopener\">A di\u00e1kok sz\u00e1m\u00e1ra k\u00e9sz\u00fclt alap projekt let\u00f6lt\u00e9se<\/a><\/li>\n<\/ul>\n<div id=\"attachment_1733\" style=\"width: 310px\" class=\"wp-caption aligncenter\"><a href=\"https:\/\/abonyita.inf.elte.hu\/wp-content\/uploads\/2015\/12\/aszterodia.png\"><img loading=\"lazy\" decoding=\"async\" aria-describedby=\"caption-attachment-1733\" class=\"size-medium wp-image-1733\" src=\"https:\/\/abonyita.inf.elte.hu\/wp-content\/uploads\/2015\/12\/aszterodia-300x226.png\" alt=\"Aszteroida j\u00e1t\u00e9k\" width=\"300\" height=\"226\" srcset=\"https:\/\/abonyita.inf.elte.hu\/wp-content\/uploads\/2015\/12\/aszterodia-300x226.png 300w, https:\/\/abonyita.inf.elte.hu\/wp-content\/uploads\/2015\/12\/aszterodia-768x579.png 768w, https:\/\/abonyita.inf.elte.hu\/wp-content\/uploads\/2015\/12\/aszterodia.png 797w\" sizes=\"auto, (max-width: 599px) calc(100vw - 50px), (max-width: 767px) calc(100vw - 70px), (max-width: 991px) 429px, (max-width: 1199px) 637px, 354px\" \/><\/a><p id=\"caption-attachment-1733\" class=\"wp-caption-text\">Aszteroida j\u00e1t\u00e9k<\/p><\/div>\n","protected":false},"excerpt":{"rendered":"<p>Az INFO \u00c9RA Konferenci\u00e1n J\u00e1t\u00e9kk\u00e9sz\u00edt\u00e9s a K\u00f3dol\u00e1s \u00d3r\u00e1j\u00e1ban az Imagine Logo halad\u00f3 lehet\u0151s\u00e9geivel c\u00edmmel tartottam el\u0151ad\u00e1st, melyben egy j\u00e1t\u00e9k k\u00e9sz\u00edt\u00e9s\u00e9nek l\u00e9p\u00e9seit mutattam be. Az ehhez kapcsol\u00f3d\u00f3 \u00e1llom\u00e1nyokat most mindenki sz\u00e1m\u00e1ra let\u00f6lthet\u0151v\u00e9 teszem. Tan\u00e1ri \u00fatmutat\u00f3 let\u00f6lt\u00e9se A di\u00e1kok sz\u00e1m\u00e1ra k\u00e9sz\u00fclt alap projekt let\u00f6lt\u00e9se<\/p>\n<a href=\"https:\/\/abonyita.inf.elte.hu\/?p=1727\" class=\"read-more-link\">Tov\u00e1bb olvasom  <span class=\"screen-reader-text\">\"J\u00e1t\u00e9kk\u00e9sz\u00edt\u00e9s a K\u00f3dol\u00e1s \u00d3r\u00e1j\u00e1ban az Imagine Logo halad\u00f3 lehet\u0151s\u00e9geivel\"<\/span> <span class=\"meta-nav\">&rarr;<\/span><\/a>","protected":false},"author":1,"featured_media":0,"comment_status":"closed","ping_status":"closed","sticky":false,"template":"","format":"standard","meta":{"footnotes":""},"categories":[112,60],"tags":[135],"class_list":["post-1727","post","type-post","status-publish","format-standard","hentry","category-imagine-logo","category-konferencia","tag-kodolas-oraja","penguin-post","penguin-post-not-sticky"],"_links":{"self":[{"href":"https:\/\/abonyita.inf.elte.hu\/index.php?rest_route=\/wp\/v2\/posts\/1727","targetHints":{"allow":["GET"]}}],"collection":[{"href":"https:\/\/abonyita.inf.elte.hu\/index.php?rest_route=\/wp\/v2\/posts"}],"about":[{"href":"https:\/\/abonyita.inf.elte.hu\/index.php?rest_route=\/wp\/v2\/types\/post"}],"author":[{"embeddable":true,"href":"https:\/\/abonyita.inf.elte.hu\/index.php?rest_route=\/wp\/v2\/users\/1"}],"replies":[{"embeddable":true,"href":"https:\/\/abonyita.inf.elte.hu\/index.php?rest_route=%2Fwp%2Fv2%2Fcomments&post=1727"}],"version-history":[{"count":5,"href":"https:\/\/abonyita.inf.elte.hu\/index.php?rest_route=\/wp\/v2\/posts\/1727\/revisions"}],"predecessor-version":[{"id":2043,"href":"https:\/\/abonyita.inf.elte.hu\/index.php?rest_route=\/wp\/v2\/posts\/1727\/revisions\/2043"}],"wp:attachment":[{"href":"https:\/\/abonyita.inf.elte.hu\/index.php?rest_route=%2Fwp%2Fv2%2Fmedia&parent=1727"}],"wp:term":[{"taxonomy":"category","embeddable":true,"href":"https:\/\/abonyita.inf.elte.hu\/index.php?rest_route=%2Fwp%2Fv2%2Fcategories&post=1727"},{"taxonomy":"post_tag","embeddable":true,"href":"https:\/\/abonyita.inf.elte.hu\/index.php?rest_route=%2Fwp%2Fv2%2Ftags&post=1727"}],"curies":[{"name":"wp","href":"https:\/\/api.w.org\/{rel}","templated":true}]}}