{"id":1614,"date":"2014-10-06T09:35:28","date_gmt":"2014-10-06T07:35:28","guid":{"rendered":"https:\/\/abonyita.inf.elte.hu\/?p=1614"},"modified":"2014-10-06T09:35:46","modified_gmt":"2014-10-06T07:35:46","slug":"info-era-konferencia","status":"publish","type":"post","link":"https:\/\/abonyita.inf.elte.hu\/?p=1614","title":{"rendered":"INFO \u00c9RA konferencia"},"content":{"rendered":"<div style=\"width: 196px\" class=\"wp-caption alignright\"><img loading=\"lazy\" decoding=\"async\" src=\"http:\/\/infoera.hu\/img\/logo.gif\" alt=\"\" width=\"186\" height=\"155\" \/><p class=\"wp-caption-text\">INFO \u00c9RA konferencia log\u00f3ja<\/p><\/div>\n<p>Az INFO \u00c9ra 2014 tov\u00e1bbk\u00e9pz\u00e9s\/konferencia november 20. \u00e9s november 22. k\u00f6z\u00f6tt ker\u00fcl megrendez\u00e9sre. A rendezv\u00e9ny helysz\u00edne: Zam\u00e1rdi &#8211; Hotel Wellamarin. Az INFODIDACT 2014 konferencia id\u0151pontja: november 20-21.<\/p>\n<p class=\"hirszov\">Az Info \u00c9ra 2014 &#8211; Az informatikaoktat\u00e1s szab\u00e1lyoz\u00e1sa \u00e9s m\u00f3dszertana a k\u00f6zoktat\u00e1sban tov\u00e1bbk\u00e9pz\u00e9s tervezett t\u00e9mak\u00f6rei:<\/p>\n<div id=\"h156\">\n<ul>\n<li>ECDL<\/li>\n<li>Arany J\u00e1nos Tehets\u00e9ggondoz\u00f3 Program<\/li>\n<li>Logo<\/li>\n<li>Mobil informatika<\/li>\n<li>Web fejleszt\u00e9s<\/li>\n<li>Inform\u00e1ci\u00f3biztons\u00e1g<\/li>\n<li>Internet- \u00e9s j\u00e1t\u00e9kf\u00fcgg\u0151s\u00e9g<\/li>\n<li>Szabad szoftver<\/li>\n<li>Informatika kisiskol\u00e1s korban<\/li>\n<li>Programoz\u00e1s<\/li>\n<li>Web, gazdas\u00e1g, t\u00e1rsadalom<\/li>\n<li>Google fejleszt\u0151i eszk\u00f6z\u00f6k, alkalmaz\u00e1sok<\/li>\n<li>NJSZT-IKON k\u00f6r<\/li>\n<li>Dr\u00f3nok<\/li>\n<li>Pedag\u00f3gus Kar (informatika) szekci\u00f3<\/li>\n<li>Oktat\u00e1si tapasztalatok<\/li>\n<\/ul>\n<p><a href=\"http:\/\/infoera.hu\/index.php?menu=133\" target=\"_blank\">Tov\u00e1bbi inform\u00e1ci\u00f3 a konferencia weblapj\u00e1n.<\/a><\/p>\n<\/div>\n","protected":false},"excerpt":{"rendered":"<p>Az INFO \u00c9ra 2014 tov\u00e1bbk\u00e9pz\u00e9s\/konferencia november 20. \u00e9s november 22. k\u00f6z\u00f6tt ker\u00fcl megrendez\u00e9sre. A rendezv\u00e9ny helysz\u00edne: Zam\u00e1rdi &#8211; Hotel Wellamarin. Az INFODIDACT 2014 konferencia id\u0151pontja: november 20-21. Az Info \u00c9ra 2014 &#8211; Az informatikaoktat\u00e1s szab\u00e1lyoz\u00e1sa \u00e9s m\u00f3dszertana a k\u00f6zoktat\u00e1sban tov\u00e1bbk\u00e9pz\u00e9s tervezett t\u00e9mak\u00f6rei: ECDL Arany J\u00e1nos Tehets\u00e9ggondoz\u00f3 Program Logo Mobil informatika Web fejleszt\u00e9s Inform\u00e1ci\u00f3biztons\u00e1g Internet- \u00e9s &#8230;<\/p>\n<a href=\"https:\/\/abonyita.inf.elte.hu\/?p=1614\" class=\"read-more-link\">Tov\u00e1bb olvasom  <span class=\"screen-reader-text\">\"INFO \u00c9RA konferencia\"<\/span> <span class=\"meta-nav\">&rarr;<\/span><\/a>","protected":false},"author":1,"featured_media":0,"comment_status":"open","ping_status":"closed","sticky":false,"template":"","format":"standard","meta":{"footnotes":""},"categories":[60],"tags":[92],"class_list":["post-1614","post","type-post","status-publish","format-standard","hentry","category-konferencia","tag-info-era","penguin-post","penguin-post-not-sticky"],"_links":{"self":[{"href":"https:\/\/abonyita.inf.elte.hu\/index.php?rest_route=\/wp\/v2\/posts\/1614","targetHints":{"allow":["GET"]}}],"collection":[{"href":"https:\/\/abonyita.inf.elte.hu\/index.php?rest_route=\/wp\/v2\/posts"}],"about":[{"href":"https:\/\/abonyita.inf.elte.hu\/index.php?rest_route=\/wp\/v2\/types\/post"}],"author":[{"embeddable":true,"href":"https:\/\/abonyita.inf.elte.hu\/index.php?rest_route=\/wp\/v2\/users\/1"}],"replies":[{"embeddable":true,"href":"https:\/\/abonyita.inf.elte.hu\/index.php?rest_route=%2Fwp%2Fv2%2Fcomments&post=1614"}],"version-history":[{"count":2,"href":"https:\/\/abonyita.inf.elte.hu\/index.php?rest_route=\/wp\/v2\/posts\/1614\/revisions"}],"predecessor-version":[{"id":1616,"href":"https:\/\/abonyita.inf.elte.hu\/index.php?rest_route=\/wp\/v2\/posts\/1614\/revisions\/1616"}],"wp:attachment":[{"href":"https:\/\/abonyita.inf.elte.hu\/index.php?rest_route=%2Fwp%2Fv2%2Fmedia&parent=1614"}],"wp:term":[{"taxonomy":"category","embeddable":true,"href":"https:\/\/abonyita.inf.elte.hu\/index.php?rest_route=%2Fwp%2Fv2%2Fcategories&post=1614"},{"taxonomy":"post_tag","embeddable":true,"href":"https:\/\/abonyita.inf.elte.hu\/index.php?rest_route=%2Fwp%2Fv2%2Ftags&post=1614"}],"curies":[{"name":"wp","href":"https:\/\/api.w.org\/{rel}","templated":true}]}}