{"id":1549,"date":"2014-09-01T19:06:33","date_gmt":"2014-09-01T17:06:33","guid":{"rendered":"https:\/\/abonyita.inf.elte.hu\/?p=1549"},"modified":"2014-09-01T19:06:33","modified_gmt":"2014-09-01T17:06:33","slug":"az-europai-programozas-hete-2014-oktober-11-17","status":"publish","type":"post","link":"https:\/\/abonyita.inf.elte.hu\/?p=1549","title":{"rendered":"Az Eur\u00f3pai Programoz\u00e1s Hete (2014. okt\u00f3ber 11-17.)"},"content":{"rendered":"<p>Id\u00e9n m\u00e1sodik alkalommal rendezik meg az Eur\u00f3pai Programoz\u00e1s Het\u00e9t. 2013-ban egy h\u00f3nap leforg\u00e1sa alatt 300 rendezv\u00e9nyt siker\u00fclt szervezni mintegy 10000 r\u00e9sztvev\u0151vel, minden koroszt\u00e1lyt \u00e9rintve. Eur\u00f3p\u00e1b\u00f3l 26 orsz\u00e1g k\u00e9pviseltette mag\u00e1t, \u00e9s a r\u00e9sztvev\u0151k workshopokon, iskol\u00e1kban, egyetemeken tanultak a programoz\u00e1sr\u00f3l sz\u00e1mtalan \u00f6nk\u00e9ntes seg\u00edts\u00e9g\u00e9vel. Ebben az \u00e9vben m\u00e9g nagyobb m\u00e9ret\u0171 rendezv\u00e9nyre sz\u00e1m\u00edtanak a szervez\u0151k.<\/p>\n<p>Tov\u00e1bbi inform\u00e1ci\u00f3: <a href=\"http:\/\/hirmagazin.sulinet.hu\/hu\/hirek\/az-europai-programozas-hete\" target=\"_blank\">http:\/\/hirmagazin.sulinet.hu\/hu\/hirek\/az-europai-programozas-hete<\/a><\/p>\n","protected":false},"excerpt":{"rendered":"<p>Id\u00e9n m\u00e1sodik alkalommal rendezik meg az Eur\u00f3pai Programoz\u00e1s Het\u00e9t. 2013-ban egy h\u00f3nap leforg\u00e1sa alatt 300 rendezv\u00e9nyt siker\u00fclt szervezni mintegy 10000 r\u00e9sztvev\u0151vel, minden koroszt\u00e1lyt \u00e9rintve. Eur\u00f3p\u00e1b\u00f3l 26 orsz\u00e1g k\u00e9pviseltette mag\u00e1t, \u00e9s a r\u00e9sztvev\u0151k workshopokon, iskol\u00e1kban, egyetemeken tanultak a programoz\u00e1sr\u00f3l sz\u00e1mtalan \u00f6nk\u00e9ntes seg\u00edts\u00e9g\u00e9vel. Ebben az \u00e9vben m\u00e9g nagyobb m\u00e9ret\u0171 rendezv\u00e9nyre sz\u00e1m\u00edtanak a szervez\u0151k. Tov\u00e1bbi inform\u00e1ci\u00f3: http:\/\/hirmagazin.sulinet.hu\/hu\/hirek\/az-europai-programozas-hete<\/p>\n<a href=\"https:\/\/abonyita.inf.elte.hu\/?p=1549\" class=\"read-more-link\">Tov\u00e1bb olvasom  <span class=\"screen-reader-text\">\"Az Eur\u00f3pai Programoz\u00e1s Hete (2014. okt\u00f3ber 11-17.)\"<\/span> <span class=\"meta-nav\">&rarr;<\/span><\/a>","protected":false},"author":1,"featured_media":0,"comment_status":"open","ping_status":"closed","sticky":false,"template":"","format":"standard","meta":{"footnotes":""},"categories":[29],"tags":[130],"class_list":["post-1549","post","type-post","status-publish","format-standard","hentry","category-erdekessegek","tag-programozas","penguin-post","penguin-post-not-sticky"],"_links":{"self":[{"href":"https:\/\/abonyita.inf.elte.hu\/index.php?rest_route=\/wp\/v2\/posts\/1549","targetHints":{"allow":["GET"]}}],"collection":[{"href":"https:\/\/abonyita.inf.elte.hu\/index.php?rest_route=\/wp\/v2\/posts"}],"about":[{"href":"https:\/\/abonyita.inf.elte.hu\/index.php?rest_route=\/wp\/v2\/types\/post"}],"author":[{"embeddable":true,"href":"https:\/\/abonyita.inf.elte.hu\/index.php?rest_route=\/wp\/v2\/users\/1"}],"replies":[{"embeddable":true,"href":"https:\/\/abonyita.inf.elte.hu\/index.php?rest_route=%2Fwp%2Fv2%2Fcomments&post=1549"}],"version-history":[{"count":1,"href":"https:\/\/abonyita.inf.elte.hu\/index.php?rest_route=\/wp\/v2\/posts\/1549\/revisions"}],"predecessor-version":[{"id":1550,"href":"https:\/\/abonyita.inf.elte.hu\/index.php?rest_route=\/wp\/v2\/posts\/1549\/revisions\/1550"}],"wp:attachment":[{"href":"https:\/\/abonyita.inf.elte.hu\/index.php?rest_route=%2Fwp%2Fv2%2Fmedia&parent=1549"}],"wp:term":[{"taxonomy":"category","embeddable":true,"href":"https:\/\/abonyita.inf.elte.hu\/index.php?rest_route=%2Fwp%2Fv2%2Fcategories&post=1549"},{"taxonomy":"post_tag","embeddable":true,"href":"https:\/\/abonyita.inf.elte.hu\/index.php?rest_route=%2Fwp%2Fv2%2Ftags&post=1549"}],"curies":[{"name":"wp","href":"https:\/\/api.w.org\/{rel}","templated":true}]}}