{"id":1547,"date":"2014-09-01T19:02:38","date_gmt":"2014-09-01T17:02:38","guid":{"rendered":"https:\/\/abonyita.inf.elte.hu\/?p=1547"},"modified":"2014-09-01T19:02:38","modified_gmt":"2014-09-01T17:02:38","slug":"kezdodik-az-uj-felev","status":"publish","type":"post","link":"https:\/\/abonyita.inf.elte.hu\/?p=1547","title":{"rendered":"Kezd\u0151dik az \u00faj f\u00e9l\u00e9v"},"content":{"rendered":"<p>A 2014\/2015 \u0151szi f\u00e9l\u00e9v\u00e9nek tanrendje el\u00e9rhet\u0151 a <a href=\"http:\/\/ttkto.elte.hu\/tre1.html\" target=\"_blank\">http:\/\/ttkto.elte.hu\/tre1.html<\/a> c\u00edmen.\u00a0 Am\u00edg a Neptunban nem jelennek meg a helysz\u00edn \u00e9s id\u0151pont adatok, \u00e9rdemes az egyes kurzusokra vonatkoz\u00f3 id\u0151pontokat kigy\u0171jteni az \u00f3rarend \u00f6ssze\u00e1ll\u00edt\u00e1s\u00e1hoz.<\/p>\n","protected":false},"excerpt":{"rendered":"<p>A 2014\/2015 \u0151szi f\u00e9l\u00e9v\u00e9nek tanrendje el\u00e9rhet\u0151 a http:\/\/ttkto.elte.hu\/tre1.html c\u00edmen.\u00a0 Am\u00edg a Neptunban nem jelennek meg a helysz\u00edn \u00e9s id\u0151pont adatok, \u00e9rdemes az egyes kurzusokra vonatkoz\u00f3 id\u0151pontokat kigy\u0171jteni az \u00f3rarend \u00f6ssze\u00e1ll\u00edt\u00e1s\u00e1hoz.<\/p>\n<a href=\"https:\/\/abonyita.inf.elte.hu\/?p=1547\" class=\"read-more-link\">Tov\u00e1bb olvasom  <span class=\"screen-reader-text\">\"Kezd\u0151dik az \u00faj f\u00e9l\u00e9v\"<\/span> <span class=\"meta-nav\">&rarr;<\/span><\/a>","protected":false},"author":1,"featured_media":0,"comment_status":"open","ping_status":"closed","sticky":false,"template":"","format":"standard","meta":{"footnotes":""},"categories":[24],"tags":[128,129],"class_list":["post-1547","post","type-post","status-publish","format-standard","hentry","category-hirdetmeny","tag-neptun","tag-tanrend","penguin-post","penguin-post-not-sticky"],"_links":{"self":[{"href":"https:\/\/abonyita.inf.elte.hu\/index.php?rest_route=\/wp\/v2\/posts\/1547","targetHints":{"allow":["GET"]}}],"collection":[{"href":"https:\/\/abonyita.inf.elte.hu\/index.php?rest_route=\/wp\/v2\/posts"}],"about":[{"href":"https:\/\/abonyita.inf.elte.hu\/index.php?rest_route=\/wp\/v2\/types\/post"}],"author":[{"embeddable":true,"href":"https:\/\/abonyita.inf.elte.hu\/index.php?rest_route=\/wp\/v2\/users\/1"}],"replies":[{"embeddable":true,"href":"https:\/\/abonyita.inf.elte.hu\/index.php?rest_route=%2Fwp%2Fv2%2Fcomments&post=1547"}],"version-history":[{"count":1,"href":"https:\/\/abonyita.inf.elte.hu\/index.php?rest_route=\/wp\/v2\/posts\/1547\/revisions"}],"predecessor-version":[{"id":1548,"href":"https:\/\/abonyita.inf.elte.hu\/index.php?rest_route=\/wp\/v2\/posts\/1547\/revisions\/1548"}],"wp:attachment":[{"href":"https:\/\/abonyita.inf.elte.hu\/index.php?rest_route=%2Fwp%2Fv2%2Fmedia&parent=1547"}],"wp:term":[{"taxonomy":"category","embeddable":true,"href":"https:\/\/abonyita.inf.elte.hu\/index.php?rest_route=%2Fwp%2Fv2%2Fcategories&post=1547"},{"taxonomy":"post_tag","embeddable":true,"href":"https:\/\/abonyita.inf.elte.hu\/index.php?rest_route=%2Fwp%2Fv2%2Ftags&post=1547"}],"curies":[{"name":"wp","href":"https:\/\/api.w.org\/{rel}","templated":true}]}}