{"id":1539,"date":"2014-05-08T18:19:02","date_gmt":"2014-05-08T16:19:02","guid":{"rendered":"https:\/\/abonyita.inf.elte.hu\/?p=1539"},"modified":"2014-05-08T18:29:08","modified_gmt":"2014-05-08T16:29:08","slug":"koszonet","status":"publish","type":"post","link":"https:\/\/abonyita.inf.elte.hu\/?p=1539","title":{"rendered":"K\u00f6sz\u00f6net"},"content":{"rendered":"<p><img loading=\"lazy\" decoding=\"async\" class=\"alignright size-medium wp-image-1540\" alt=\"Kar kiv\u00e1l\u00f3 oktat\u00f3ja oklev\u00e9l\" src=\"https:\/\/abonyita.inf.elte.hu\/wp-content\/uploads\/2014\/05\/2014_karkivalooktato-224x300.png\" width=\"224\" height=\"300\" \/>A mai Neumann-napon abban a kiv\u00e9teles megtiszteltet\u00e9sben lehetett r\u00e9szem, hogy a hallgat\u00f3k szavazata alapj\u00e1n az ELTE Informatikai Kar kiv\u00e1l\u00f3 oktat\u00f3ja kit\u00fcntet\u00e9st vehettem \u00e1t, Borsi Zsolt \u00e9s Varga Bal\u00e1zs koll\u00e9g\u00e1mmal egy\u00fctt.<\/p>\n<blockquote><p>&#8222;<em>A Kar Kiv\u00e1l\u00f3 Oktat\u00f3ja v\u00e1laszt\u00e1st az Informatikai Kar Kari Tan\u00e1cs\u00e1nak egyet\u00e9rt\u00e9s\u00e9vel a mindenkori Informatikai Kari Hallgat\u00f3i \u00d6nkorm\u00e1nyzat rendezi azzal a sz\u00e1nd\u00e9kkal, hogy a c\u00edm adom\u00e1nyoz\u00e1s\u00e1val elismerje a Kar kiemelked\u0151 oktat\u00e1si tev\u00e9kenys\u00e9get ny\u00fajt\u00f3 oktat\u00f3inak munk\u00e1j\u00e1t. Kar Kiv\u00e1l\u00f3 Oktat\u00f3j\u00e1nak v\u00e1laszthat\u00f3k az Informatikai Karon azok az oktat\u00f3k, akik a Kar \u00e1ltal meghirdetett kurzusok valamelyik\u00e9n oktatnak, \u00e9s nincs hallgat\u00f3i jogviszonyuk az Informatikai Karral. A c\u00edm egy oktat\u00f3nak h\u00e1rom\u00e9vente legfeljebb egyszer adom\u00e1nyozhat\u00f3. <\/em><br \/>\n<em>A c\u00edmet hallgat\u00f3ink v\u00e1laszt\u00e1sa alapj\u00e1n minden \u00e9vben a h\u00e1rom legt\u00f6bb szavazatot kapott oktat\u00f3 nyeri el.<\/em>&#8221; (Forr\u00e1s: <a href=\"http:\/\/www.wherevent.com\/detail\/ELTE-IK-HOeK-Kar-Kivalo-Oktatoja-szavazas\">wherevent<\/a>)<\/p><\/blockquote>\n<p>Nagyon k\u00f6sz\u00f6n\u00f6m mindenkinek, aki r\u00e1m (is) szavazott!<\/p>\n","protected":false},"excerpt":{"rendered":"<p>A mai Neumann-napon abban a kiv\u00e9teles megtiszteltet\u00e9sben lehetett r\u00e9szem, hogy a hallgat\u00f3k szavazata alapj\u00e1n az ELTE Informatikai Kar kiv\u00e1l\u00f3 oktat\u00f3ja kit\u00fcntet\u00e9st vehettem \u00e1t, Borsi Zsolt \u00e9s Varga Bal\u00e1zs koll\u00e9g\u00e1mmal egy\u00fctt. &#8222;A Kar Kiv\u00e1l\u00f3 Oktat\u00f3ja v\u00e1laszt\u00e1st az Informatikai Kar Kari Tan\u00e1cs\u00e1nak egyet\u00e9rt\u00e9s\u00e9vel a mindenkori Informatikai Kari Hallgat\u00f3i \u00d6nkorm\u00e1nyzat rendezi azzal a sz\u00e1nd\u00e9kkal, hogy a c\u00edm adom\u00e1nyoz\u00e1s\u00e1val &#8230;<\/p>\n<a href=\"https:\/\/abonyita.inf.elte.hu\/?p=1539\" class=\"read-more-link\">Tov\u00e1bb olvasom  <span class=\"screen-reader-text\">\"K\u00f6sz\u00f6net\"<\/span> <span class=\"meta-nav\">&rarr;<\/span><\/a>","protected":false},"author":1,"featured_media":0,"comment_status":"open","ping_status":"closed","sticky":false,"template":"","format":"standard","meta":{"footnotes":""},"categories":[6],"tags":[],"class_list":["post-1539","post","type-post","status-publish","format-standard","hentry","category-hirek","penguin-post","penguin-post-not-sticky"],"_links":{"self":[{"href":"https:\/\/abonyita.inf.elte.hu\/index.php?rest_route=\/wp\/v2\/posts\/1539","targetHints":{"allow":["GET"]}}],"collection":[{"href":"https:\/\/abonyita.inf.elte.hu\/index.php?rest_route=\/wp\/v2\/posts"}],"about":[{"href":"https:\/\/abonyita.inf.elte.hu\/index.php?rest_route=\/wp\/v2\/types\/post"}],"author":[{"embeddable":true,"href":"https:\/\/abonyita.inf.elte.hu\/index.php?rest_route=\/wp\/v2\/users\/1"}],"replies":[{"embeddable":true,"href":"https:\/\/abonyita.inf.elte.hu\/index.php?rest_route=%2Fwp%2Fv2%2Fcomments&post=1539"}],"version-history":[{"count":3,"href":"https:\/\/abonyita.inf.elte.hu\/index.php?rest_route=\/wp\/v2\/posts\/1539\/revisions"}],"predecessor-version":[{"id":1545,"href":"https:\/\/abonyita.inf.elte.hu\/index.php?rest_route=\/wp\/v2\/posts\/1539\/revisions\/1545"}],"wp:attachment":[{"href":"https:\/\/abonyita.inf.elte.hu\/index.php?rest_route=%2Fwp%2Fv2%2Fmedia&parent=1539"}],"wp:term":[{"taxonomy":"category","embeddable":true,"href":"https:\/\/abonyita.inf.elte.hu\/index.php?rest_route=%2Fwp%2Fv2%2Fcategories&post=1539"},{"taxonomy":"post_tag","embeddable":true,"href":"https:\/\/abonyita.inf.elte.hu\/index.php?rest_route=%2Fwp%2Fv2%2Ftags&post=1539"}],"curies":[{"name":"wp","href":"https:\/\/api.w.org\/{rel}","templated":true}]}}