{"id":1489,"date":"2014-02-19T15:49:41","date_gmt":"2014-02-19T14:49:41","guid":{"rendered":"https:\/\/abonyita.inf.elte.hu\/?p=1489"},"modified":"2014-02-19T15:53:53","modified_gmt":"2014-02-19T14:53:53","slug":"a-virtualis-kornyezetek-akadalymentes-elereset-tamogato-elvek-es-fejlesztesek-attekintese","status":"publish","type":"post","link":"https:\/\/abonyita.inf.elte.hu\/?p=1489","title":{"rendered":"A virtu\u00e1lis k\u00f6rnyezetek akad\u00e1lymentes el\u00e9r\u00e9s\u00e9t t\u00e1mogat\u00f3 elvek \u00e9s fejleszt\u00e9sek \u00e1ttekint\u00e9se"},"content":{"rendered":"<p>A virtu\u00e1lis k\u00f6rnyezetek szerepe napjainkban az oktat\u00e1s ter\u00fclet\u00e9n is fel\u00e9rt\u00e9kel\u0151dik, ez\u00e9rt k\u00fcl\u00f6n\u00f6sen fontos, hogy a k\u00f6rnyezet kialak\u00edt\u00e1s\u00e1n\u00e1l figyelmet ford\u00edtsunk a fogyat\u00e9koss\u00e1ggal \u00e9l\u0151 felhaszn\u00e1l\u00f3k\/di\u00e1kok ig\u00e9nyeire is. Az egyenl\u0151 es\u00e9ly\u0171 hozz\u00e1f\u00e9r\u00e9s biztos\u00edt\u00e1s\u00e1nak \u00e9rdek\u00e9ben kiemelt fontoss\u00e1ggal b\u00edr, hogy a kliensprogramok \u00e9s a virtu\u00e1lis k\u00f6rnyezetek tervez\u0151i, fejleszt\u0151i tiszt\u00e1ban legyenek az Egyetemes tervez\u00e9s elv\u00e9nek fontoss\u00e1g\u00e1val, valamint ismerj\u00e9k azon ir\u00e1nyelveket, amelyek betart\u00e1s\u00e1val biztos\u00edthat\u00f3 az akad\u00e1lymentes hozz\u00e1f\u00e9r\u00e9s. A\u00a0 <a href=\"http:\/\/oktinf.elte.hu\/konferencia2014\/\" target=\"_blank\">VI. Oktat\u00e1s-Informatikai Konferenci\u00e1n<\/a> tartott el\u0151ad\u00e1somban ezt a t\u00e9m\u00e1t j\u00e1rtam k\u00f6rbe.<\/p>\n<p>A prezent\u00e1ci\u00f3 az al\u00e1bbiakban megtekinthet\u0151.<br \/>\n<iframe loading=\"lazy\" style=\"border: 1px solid #CCC; border-width: 1px 1px 0; margin-bottom: 5px; max-width: 100%;\" src=\"http:\/\/www.slideshare.net\/slideshow\/embed_code\/31388469\" height=\"421\" width=\"512\" allowfullscreen=\"\" frameborder=\"0\" marginwidth=\"0\" marginheight=\"0\" scrolling=\"no\"><\/iframe><\/p>\n<div style=\"margin-bottom: 5px;\"><strong> <a title=\"A virtu\u00e1lis k\u00f6rnyezetek akad\u00e1lymentes el\u00e9r\u00e9s\u00e9t t\u00e1mogat\u00f3 elvek \u00e9s fejleszt\u00e9sek \u00e1ttekint\u00e9se\" href=\"https:\/\/www.slideshare.net\/andorabonyitoth\/virtkorny-akadalymentesites-v4\" target=\"_blank\">A virtu\u00e1lis k\u00f6rnyezetek akad\u00e1lymentes el\u00e9r\u00e9s\u00e9t t\u00e1mogat\u00f3 elvek \u00e9s fejleszt\u00e9sek \u00e1ttekint\u00e9se<\/a> <\/strong> from <strong><a href=\"http:\/\/www.slideshare.net\/andorabonyitoth\" target=\"_blank\">Andor Abonyi-T\u00f3th<\/a><\/strong><\/div>\n<p>Az el\u0151ad\u00e1shoz kapcsol\u00f3d\u00f3 tanulm\u00e1ny a konferencia <a href=\"https:\/\/docs.google.com\/file\/d\/0B2_TiSBjNQu6TGxPQldua2pnTkE\/edit\" target=\"_blank\">tanulm\u00e1nyk\u00f6tet\u00e9ben<\/a> mindenki sz\u00e1m\u00e1ra hozz\u00e1f\u00e9rhet\u0151.<\/p>\n","protected":false},"excerpt":{"rendered":"<p>A virtu\u00e1lis k\u00f6rnyezetek szerepe napjainkban az oktat\u00e1s ter\u00fclet\u00e9n is fel\u00e9rt\u00e9kel\u0151dik, ez\u00e9rt k\u00fcl\u00f6n\u00f6sen fontos, hogy a k\u00f6rnyezet kialak\u00edt\u00e1s\u00e1n\u00e1l figyelmet ford\u00edtsunk a fogyat\u00e9koss\u00e1ggal \u00e9l\u0151 felhaszn\u00e1l\u00f3k\/di\u00e1kok ig\u00e9nyeire is. Az egyenl\u0151 es\u00e9ly\u0171 hozz\u00e1f\u00e9r\u00e9s biztos\u00edt\u00e1s\u00e1nak \u00e9rdek\u00e9ben kiemelt fontoss\u00e1ggal b\u00edr, hogy a kliensprogramok \u00e9s a virtu\u00e1lis k\u00f6rnyezetek tervez\u0151i, fejleszt\u0151i tiszt\u00e1ban legyenek az Egyetemes tervez\u00e9s elv\u00e9nek fontoss\u00e1g\u00e1val, valamint ismerj\u00e9k azon ir\u00e1nyelveket, amelyek &#8230;<\/p>\n<a href=\"https:\/\/abonyita.inf.elte.hu\/?p=1489\" class=\"read-more-link\">Tov\u00e1bb olvasom  <span class=\"screen-reader-text\">\"A virtu\u00e1lis k\u00f6rnyezetek akad\u00e1lymentes el\u00e9r\u00e9s\u00e9t t\u00e1mogat\u00f3 elvek \u00e9s fejleszt\u00e9sek \u00e1ttekint\u00e9se\"<\/span> <span class=\"meta-nav\">&rarr;<\/span><\/a>","protected":false},"author":1,"featured_media":0,"comment_status":"open","ping_status":"closed","sticky":false,"template":"","format":"standard","meta":{"footnotes":""},"categories":[35,117],"tags":[69,123,120,118,122,119,121],"class_list":["post-1489","post","type-post","status-publish","format-standard","hentry","category-3d","category-virtualis-kornyezet","tag-akadalymentesseg","tag-avatar","tag-befogado-tervezes","tag-egyetemes-tervezes","tag-secondlife","tag-tervezes-mindenkinek","tag-virtualis-kornyezet-2","penguin-post","penguin-post-not-sticky"],"_links":{"self":[{"href":"https:\/\/abonyita.inf.elte.hu\/index.php?rest_route=\/wp\/v2\/posts\/1489","targetHints":{"allow":["GET"]}}],"collection":[{"href":"https:\/\/abonyita.inf.elte.hu\/index.php?rest_route=\/wp\/v2\/posts"}],"about":[{"href":"https:\/\/abonyita.inf.elte.hu\/index.php?rest_route=\/wp\/v2\/types\/post"}],"author":[{"embeddable":true,"href":"https:\/\/abonyita.inf.elte.hu\/index.php?rest_route=\/wp\/v2\/users\/1"}],"replies":[{"embeddable":true,"href":"https:\/\/abonyita.inf.elte.hu\/index.php?rest_route=%2Fwp%2Fv2%2Fcomments&post=1489"}],"version-history":[{"count":4,"href":"https:\/\/abonyita.inf.elte.hu\/index.php?rest_route=\/wp\/v2\/posts\/1489\/revisions"}],"predecessor-version":[{"id":1493,"href":"https:\/\/abonyita.inf.elte.hu\/index.php?rest_route=\/wp\/v2\/posts\/1489\/revisions\/1493"}],"wp:attachment":[{"href":"https:\/\/abonyita.inf.elte.hu\/index.php?rest_route=%2Fwp%2Fv2%2Fmedia&parent=1489"}],"wp:term":[{"taxonomy":"category","embeddable":true,"href":"https:\/\/abonyita.inf.elte.hu\/index.php?rest_route=%2Fwp%2Fv2%2Fcategories&post=1489"},{"taxonomy":"post_tag","embeddable":true,"href":"https:\/\/abonyita.inf.elte.hu\/index.php?rest_route=%2Fwp%2Fv2%2Ftags&post=1489"}],"curies":[{"name":"wp","href":"https:\/\/api.w.org\/{rel}","templated":true}]}}