{"id":1480,"date":"2014-02-09T12:59:25","date_gmt":"2014-02-09T11:59:25","guid":{"rendered":"https:\/\/abonyita.inf.elte.hu\/?p=1480"},"modified":"2014-02-09T12:59:26","modified_gmt":"2014-02-09T11:59:26","slug":"imagine-logo-plugin-problema-firefox-bongeszoben","status":"publish","type":"post","link":"https:\/\/abonyita.inf.elte.hu\/?p=1480","title":{"rendered":"Imagine Logo plugin probl\u00e9ma Firefox b\u00f6ng\u00e9sz\u0151ben"},"content":{"rendered":"<p>A Firefox b\u00f6ng\u00e9sz\u0151 \u00fajabb v\u00e1ltozataiban az Imagine be\u00e9p\u00fcl\u0151 modul (plugin) &#8211; ami a web-es projektek megjelen\u00edt\u00e9s\u00e9t teszi lehet\u0151v\u00e9 -, nem mindig m\u0171k\u00f6dik megfelel\u0151en. Ezen probl\u00e9ma megold\u00e1sa k\u00e9tf\u00e9lek\u00e9ppen t\u00f6rt\u00e9nhet.<\/p>\n<p>1. eset:<br \/>\nAmennyiben egy \u00fajonnan telep\u00edtett sz\u00e1m\u00edt\u00f3g\u00e9pre telep\u00edtj\u00fck a Firefox b\u00f6ng\u00e9sz\u0151 \u00faj v\u00e1ltozat\u00e1t, akkor a Mozilla Firefox mapp\u00e1ban nem j\u00f6n l\u00e9tre a plugins nev\u0171 mappa.<br \/>\nEzt manu\u00e1lisan l\u00e9tre kell hoznunk \u00e9s ut\u00e1na \u00fajra kell telep\u00edten\u00fcnk az Imagine plugint.<\/p>\n<p>2. eset:<br \/>\nA Firefox b\u00f6ng\u00e9sz\u0151ben be kell \u00e1ll\u00edtani, hogy a r\u00e9gi t\u00edpus\u00fa be\u00e9p\u00fcl\u0151 modulok (pluginek) is m\u0171k\u00f6djenek.<br \/>\nEhhez a Firefox b\u00f6ng\u00e9sz\u0151 eszk\u00f6zt\u00e1r\u00e1ba (ahova a webc\u00edmet is be szoktuk \u00edrni), be kell \u00edrnunk a k\u00f6vetkez\u0151t:<br \/>\nabout:config<\/p>\n<p>Az Enter lenyom\u00e1s\u00e1val megjelenik egy biztons\u00e1gi figyelmeztet\u00e9s. Az &#8222;\u00d3vatos leszek, meg\u00edg\u00e9rem!&#8221; gomb lenyom\u00e1sa ut\u00e1n k\u00fcl\u00f6nb\u00f6z\u0151 be\u00e1ll\u00edt\u00e1sok \u00e9s \u00e9rt\u00e9kek jelennek meg.<br \/>\nKeress\u00fcnk r\u00e1 &#8222;plugins.load_appdir_plugins&#8221; nev\u0171 be\u00e1ll\u00edt\u00e1sra \u00fagy, hogy a keres\u0151mez\u0151be bem\u00e1soljuk ezt a sz\u00f6veget.<br \/>\nAmennyiben itt az \u00e9rt\u00e9k hamis, kattintsunk r\u00e1 a sorra dupl\u00e1n, hogy igazz\u00e1 v\u00e1ljon, \u00e9s ind\u00edtsuk \u00fajra a b\u00f6ng\u00e9sz\u0151programot!<\/p>\n","protected":false},"excerpt":{"rendered":"<p>A Firefox b\u00f6ng\u00e9sz\u0151 \u00fajabb v\u00e1ltozataiban az Imagine be\u00e9p\u00fcl\u0151 modul (plugin) &#8211; ami a web-es projektek megjelen\u00edt\u00e9s\u00e9t teszi lehet\u0151v\u00e9 -, nem mindig m\u0171k\u00f6dik megfelel\u0151en. Ezen probl\u00e9ma megold\u00e1sa k\u00e9tf\u00e9lek\u00e9ppen t\u00f6rt\u00e9nhet. 1. eset: Amennyiben egy \u00fajonnan telep\u00edtett sz\u00e1m\u00edt\u00f3g\u00e9pre telep\u00edtj\u00fck a Firefox b\u00f6ng\u00e9sz\u0151 \u00faj v\u00e1ltozat\u00e1t, akkor a Mozilla Firefox mapp\u00e1ban nem j\u00f6n l\u00e9tre a plugins nev\u0171 mappa. Ezt manu\u00e1lisan &#8230;<\/p>\n<a href=\"https:\/\/abonyita.inf.elte.hu\/?p=1480\" class=\"read-more-link\">Tov\u00e1bb olvasom  <span class=\"screen-reader-text\">\"Imagine Logo plugin probl\u00e9ma Firefox b\u00f6ng\u00e9sz\u0151ben\"<\/span> <span class=\"meta-nav\">&rarr;<\/span><\/a>","protected":false},"author":1,"featured_media":0,"comment_status":"open","ping_status":"closed","sticky":false,"template":"","format":"standard","meta":{"footnotes":""},"categories":[112],"tags":[],"class_list":["post-1480","post","type-post","status-publish","format-standard","hentry","category-imagine-logo","penguin-post","penguin-post-not-sticky"],"_links":{"self":[{"href":"https:\/\/abonyita.inf.elte.hu\/index.php?rest_route=\/wp\/v2\/posts\/1480","targetHints":{"allow":["GET"]}}],"collection":[{"href":"https:\/\/abonyita.inf.elte.hu\/index.php?rest_route=\/wp\/v2\/posts"}],"about":[{"href":"https:\/\/abonyita.inf.elte.hu\/index.php?rest_route=\/wp\/v2\/types\/post"}],"author":[{"embeddable":true,"href":"https:\/\/abonyita.inf.elte.hu\/index.php?rest_route=\/wp\/v2\/users\/1"}],"replies":[{"embeddable":true,"href":"https:\/\/abonyita.inf.elte.hu\/index.php?rest_route=%2Fwp%2Fv2%2Fcomments&post=1480"}],"version-history":[{"count":1,"href":"https:\/\/abonyita.inf.elte.hu\/index.php?rest_route=\/wp\/v2\/posts\/1480\/revisions"}],"predecessor-version":[{"id":1481,"href":"https:\/\/abonyita.inf.elte.hu\/index.php?rest_route=\/wp\/v2\/posts\/1480\/revisions\/1481"}],"wp:attachment":[{"href":"https:\/\/abonyita.inf.elte.hu\/index.php?rest_route=%2Fwp%2Fv2%2Fmedia&parent=1480"}],"wp:term":[{"taxonomy":"category","embeddable":true,"href":"https:\/\/abonyita.inf.elte.hu\/index.php?rest_route=%2Fwp%2Fv2%2Fcategories&post=1480"},{"taxonomy":"post_tag","embeddable":true,"href":"https:\/\/abonyita.inf.elte.hu\/index.php?rest_route=%2Fwp%2Fv2%2Ftags&post=1480"}],"curies":[{"name":"wp","href":"https:\/\/api.w.org\/{rel}","templated":true}]}}