{"id":1435,"date":"2013-12-07T09:58:34","date_gmt":"2013-12-07T08:58:34","guid":{"rendered":"https:\/\/abonyita.inf.elte.hu\/?p=1435"},"modified":"2013-12-12T09:59:09","modified_gmt":"2013-12-12T08:59:09","slug":"a-legjobbak-valasztasa","status":"publish","type":"post","link":"https:\/\/abonyita.inf.elte.hu\/?p=1435","title":{"rendered":"A legjobbak v\u00e1laszt\u00e1sa"},"content":{"rendered":"<p>A Heti V\u00e1lasz \u00e9s az Educatio Nonprofit Kft. 2013. november 28-\u00e1n els\u0151 alkalommal jelentetett meg k\u00f6z\u00f6s fels\u0151oktat\u00e1si rangsort: az idei kiadv\u00e1ny a kor\u00e1bbiakkal ellent\u00e9tben egyetlen rangsorol\u00e1si dimenzi\u00f3ra, a felvett hallgat\u00f3k kiv\u00e1l\u00f3s\u00e1g\u00e1ra \u00f6sszpontos\u00edt. A tavalyi felv\u00e9teli elj\u00e1r\u00e1sban legn\u00e9pszer\u0171bb tizen\u00f6t szakot bemutat\u00f3 list\u00e1n n\u00e9gy ELTE-s k\u00e9pz\u00e9s (az osztatlan jog\u00e1szk\u00e9pz\u00e9s, \u00f3vodapedag\u00f3gus alapszak, a programtervez\u0151 informatikus alapszak \u00e9s a pszichol\u00f3gia alapszak) szerepel: minden esetben az els\u0151 helyen.<\/p>\n<p>Az informatikai ter\u00fclet legink\u00e1bb prefer\u00e1lt k\u00e9pz\u00e9se a <strong>programtervez\u0151 informatikus<\/strong> szak. Az abszol\u00fat lista els\u0151 hely\u00e9n az ELTE Informatikai Kara \u00e1ll, a dobog\u00f3n tal\u00e1ljuk a Pannon Egyetem M\u0171szaki Informatikai Kar\u00e1t \u00e9s a Szegedi Tudom\u00e1nyegyetem Term\u00e9szettudom\u00e1nyi \u00e9s Informatikai Kar\u00e1t is. Az IK-s hallgat\u00f3k minden rangsormutat\u00f3 els\u0151 hely\u00e9t szerezt\u00e9k meg: pont\u00e1tlaguk p\u00e9ld\u00e1ul 378,13 pont, csaknem 25%-uk az emelt szint\u0171 idegen nyelvi \u00e9retts\u00e9gin legal\u00e1bb j\u00f3 min\u0151s\u00edt\u00e9st \u00e9rt el, nyelvvizsg\u00e1val pedig 66,24%-uk rendelkezik.<\/p>\n<p>Forr\u00e1s: <a href=\"http:\/\/www.elte.hu\/hir?id=NW-5203\" target=\"_blank\">http:\/\/www.elte.hu\/hir?id=NW-5203 <\/a><\/p>\n","protected":false},"excerpt":{"rendered":"<p>A Heti V\u00e1lasz \u00e9s az Educatio Nonprofit Kft. 2013. november 28-\u00e1n els\u0151 alkalommal jelentetett meg k\u00f6z\u00f6s fels\u0151oktat\u00e1si rangsort: az idei kiadv\u00e1ny a kor\u00e1bbiakkal ellent\u00e9tben egyetlen rangsorol\u00e1si dimenzi\u00f3ra, a felvett hallgat\u00f3k kiv\u00e1l\u00f3s\u00e1g\u00e1ra \u00f6sszpontos\u00edt. A tavalyi felv\u00e9teli elj\u00e1r\u00e1sban legn\u00e9pszer\u0171bb tizen\u00f6t szakot bemutat\u00f3 list\u00e1n n\u00e9gy ELTE-s k\u00e9pz\u00e9s (az osztatlan jog\u00e1szk\u00e9pz\u00e9s, \u00f3vodapedag\u00f3gus alapszak, a programtervez\u0151 informatikus alapszak \u00e9s a &#8230;<\/p>\n<a href=\"https:\/\/abonyita.inf.elte.hu\/?p=1435\" class=\"read-more-link\">Tov\u00e1bb olvasom  <span class=\"screen-reader-text\">\"A legjobbak v\u00e1laszt\u00e1sa\"<\/span> <span class=\"meta-nav\">&rarr;<\/span><\/a>","protected":false},"author":1,"featured_media":0,"comment_status":"open","ping_status":"closed","sticky":false,"template":"","format":"standard","meta":{"footnotes":""},"categories":[29,104],"tags":[],"class_list":["post-1435","post","type-post","status-publish","format-standard","hentry","category-erdekessegek","category-felmeres","penguin-post","penguin-post-not-sticky"],"_links":{"self":[{"href":"https:\/\/abonyita.inf.elte.hu\/index.php?rest_route=\/wp\/v2\/posts\/1435","targetHints":{"allow":["GET"]}}],"collection":[{"href":"https:\/\/abonyita.inf.elte.hu\/index.php?rest_route=\/wp\/v2\/posts"}],"about":[{"href":"https:\/\/abonyita.inf.elte.hu\/index.php?rest_route=\/wp\/v2\/types\/post"}],"author":[{"embeddable":true,"href":"https:\/\/abonyita.inf.elte.hu\/index.php?rest_route=\/wp\/v2\/users\/1"}],"replies":[{"embeddable":true,"href":"https:\/\/abonyita.inf.elte.hu\/index.php?rest_route=%2Fwp%2Fv2%2Fcomments&post=1435"}],"version-history":[{"count":1,"href":"https:\/\/abonyita.inf.elte.hu\/index.php?rest_route=\/wp\/v2\/posts\/1435\/revisions"}],"predecessor-version":[{"id":1436,"href":"https:\/\/abonyita.inf.elte.hu\/index.php?rest_route=\/wp\/v2\/posts\/1435\/revisions\/1436"}],"wp:attachment":[{"href":"https:\/\/abonyita.inf.elte.hu\/index.php?rest_route=%2Fwp%2Fv2%2Fmedia&parent=1435"}],"wp:term":[{"taxonomy":"category","embeddable":true,"href":"https:\/\/abonyita.inf.elte.hu\/index.php?rest_route=%2Fwp%2Fv2%2Fcategories&post=1435"},{"taxonomy":"post_tag","embeddable":true,"href":"https:\/\/abonyita.inf.elte.hu\/index.php?rest_route=%2Fwp%2Fv2%2Ftags&post=1435"}],"curies":[{"name":"wp","href":"https:\/\/api.w.org\/{rel}","templated":true}]}}