{"id":1392,"date":"2013-10-02T22:01:50","date_gmt":"2013-10-02T20:01:50","guid":{"rendered":"https:\/\/abonyita.inf.elte.hu\/?p=1392"},"modified":"2013-10-03T00:29:46","modified_gmt":"2013-10-02T22:29:46","slug":"tanarkent-mire-kolt-az-oktatasi-feladatok-ellatasanak-erdekeben-eredmenyek","status":"publish","type":"post","link":"https:\/\/abonyita.inf.elte.hu\/?p=1392","title":{"rendered":"Tan\u00e1rk\u00e9nt mire k\u00f6lt az oktat\u00e1si feladatok ell\u00e1t\u00e1s\u00e1nak \u00e9rdek\u00e9ben? &#8211; eredm\u00e9nyek"},"content":{"rendered":"<p><a href=\"https:\/\/abonyita.inf.elte.hu\/2013\/08\/30\/tanarkent-mire-kolt-az-oktatasi-feladatok-ellatasanak-erdekeben\/\" target=\"_blank\">El\u0151z\u0151 blogbejegyz\u00e9semben<\/a> egy olyan amerikai kutat\u00e1sr\u00f3l \u00edrtam, amelyben meg\u00e1llap\u00edtott\u00e1k, hogy a tengerent\u00fali tan\u00e1rok \u00e1tlagosan <strong>945 $-t<\/strong> k\u00f6ltenek <strong>saj\u00e1t (lead\u00f3zott) fizet\u00e9s\u00fckb\u0151l<\/strong> arra a c\u00e9lra, hogy az oszt\u00e1lyteremben minden sz\u00fcks\u00e9ges eszk\u00f6z rendelkez\u00e9s\u00fckre \u00e1lljon.<\/p>\n<p>Hirtelen felindul\u00e1sb\u00f3l magam is \u00f6ssze\u00e1ll\u00edtottam egy k\u00e9rd\u0151\u00edvet, amelyet a Facebookon osztottam meg \u00e9s a tan\u00e1r koll\u00e9g\u00e1k megoszt\u00e1sainak k\u00f6sz\u00f6nhet\u0151en 142-en ki is t\u00f6lt\u00f6tt\u00e9k, ami persze nevets\u00e9gesen kicsi sz\u00e1m a teljes tan\u00e1ri l\u00e9tsz\u00e1mot tekintve.<\/p>\n<p><span style=\"color: #ff0000;\"><strong>El\u0151re hangs\u00falyoznom kell, hogy a felm\u00e9r\u00e9s nem reprezentat\u00edv, \u00edgy az eredm\u00e9nyekb\u0151l nem lehet a teljes tan\u00e1ri popul\u00e1ci\u00f3ra vonatkoz\u00f3 k\u00f6vetkeztet\u00e9seket levonni.<\/strong><\/span> Az is lehet, hogy az orsz\u00e1gban &#8211; egy szerencs\u00e9tlen mintav\u00e9telnek k\u00f6sz\u00f6nhet\u0151en &#8211; pont siker\u00fclt megtal\u00e1lni azt a 140 tan\u00e1rt, aki saj\u00e1t p\u00e9nz\u00e9b\u0151l \u00e1ldoz arra, hogy ell\u00e1thassa a munk\u00e1j\u00e1t, vagy az is lehet, hogy sokkal t\u00f6bb tan\u00e1r l\u00e1tta a k\u00e9rd\u0151\u00edvet, de cikinek \u00e9rezte kit\u00f6lteni, mert \u0150 nem k\u00f6lt ilyen dolgokra, vagy ugyan\u00edgy igaz lehet az is, hogy csupa unatkoz\u00f3 tini t\u00f6lt\u00f6tte ki a k\u00e9rd\u0151\u00edvet, hogy manipul\u00e1lja az eredm\u00e9nyeket. <strong>\u0150szint\u00e9n rem\u00e9lem (s\u0151t hiszem!), hogy val\u00f3ban err\u0151l van sz\u00f3, \u00e9s egy orsz\u00e1gos, reprezentat\u00edv felm\u00e9r\u00e9s teljesen m\u00e1s eredm\u00e9nyeket mutatna, elv\u00e9gre nem \u00e9l\u00fcnk a k\u00f6z\u00e9pkorban! <\/strong><\/p>\n<p>\u00c9ppen ez\u00e9rt nem is kellene publik\u00e1lni az eredm\u00e9nyeket. Csak az a baj, hogy meg\u00edg\u00e9rtem a koll\u00e9g\u00e1knak, hogy k\u00f6zz\u00e9 teszem, \u00edgy most csak azt a 142 tan\u00e1rt k\u00e9rem, hogy olvassa el az al\u00e1bbi \u00f6sszegz\u00e9st, aki val\u00f3ban kit\u00f6lt\u00f6tte a k\u00e9rd\u0151\u00edvet!<strong><br \/>\n<\/strong><\/p>\n<p><!--more--><\/p>\n<p>Most, hogy 286 szemk\u00f6zt maradtunk (<em>t\u00f6bbet \u00fagysem b\u00edr ez a webszerver<\/em>), n\u00e9zz\u00fck a v\u00e1laszad\u00f3k eloszl\u00e1s\u00e1t aszerint, hogy milyen int\u00e9zm\u00e9nyt\u00edpusban dolgoznak! A kit\u00f6lt\u0151k 86 sz\u00e1zal\u00e9ka az \u00e1ltal\u00e1nos-, illetve k\u00f6z\u00e9piskolai tan\u00e1rok k\u00f6z\u00fcl ker\u00fclt ki, csaknem fele-fele ar\u00e1nyban.<\/p>\n<p><em>[Nem volt id\u0151m\/kedvem szebb grafikonokat gy\u00e1rtani, mint amit a Google k\u00e9rd\u0151\u00edv \u00f6sszegz\u00e9s\u00e9n\u00e9l kapok, \u00edgy helyenk\u00e9nt a c\u00edmk\u00e9k sz\u00f6vege nem l\u00e1tszik teljes terjedelemben.]<\/em><\/p>\n<div id=\"attachment_1404\" style=\"width: 387px\" class=\"wp-caption aligncenter\"><a href=\"https:\/\/abonyita.inf.elte.hu\/wp-content\/uploads\/2013\/10\/tk0.png\"><img loading=\"lazy\" decoding=\"async\" aria-describedby=\"caption-attachment-1404\" class=\"size-full wp-image-1404\" alt=\"\u00d6n milyen t\u00edpus\u00fa int\u00e9zm\u00e9nyben oktat?\" src=\"https:\/\/abonyita.inf.elte.hu\/wp-content\/uploads\/2013\/10\/tk0.png\" width=\"377\" height=\"171\" srcset=\"https:\/\/abonyita.inf.elte.hu\/wp-content\/uploads\/2013\/10\/tk0.png 377w, https:\/\/abonyita.inf.elte.hu\/wp-content\/uploads\/2013\/10\/tk0-300x136.png 300w\" sizes=\"auto, (max-width: 599px) calc(100vw - 50px), (max-width: 767px) calc(100vw - 70px), (max-width: 991px) 429px, (max-width: 1199px) 637px, 354px\" \/><\/a><p id=\"caption-attachment-1404\" class=\"wp-caption-text\">A k\u00e9rd\u0151\u00edvet kit\u00f6lt\u0151k eloszl\u00e1sa int\u00e9zm\u00e9nyt\u00edpus szerint<\/p><\/div>\n<table>\n<tbody>\n<tr>\n<th><strong>Int\u00e9zm\u00e9ny t\u00edpusa<\/strong><\/th>\n<th><strong>Kit\u00f6lt\u0151k sz\u00e1ma<\/strong><\/th>\n<th><strong>%<\/strong><\/th>\n<\/tr>\n<tr>\n<td>\u00c1ltal\u00e1nos iskola<\/td>\n<td>59<\/td>\n<td>42%<\/td>\n<\/tr>\n<tr>\n<td>K\u00f6z\u00e9piskola<\/td>\n<td>63<\/td>\n<td>44%<\/td>\n<\/tr>\n<tr>\n<td>Fels\u0151oktat\u00e1si int\u00e9zm\u00e9ny<\/td>\n<td>9<\/td>\n<td>6%<\/td>\n<\/tr>\n<tr>\n<td>Egy\u00e9b<\/td>\n<td>11<\/td>\n<td>8%<\/td>\n<\/tr>\n<\/tbody>\n<\/table>\n<p>T\u00e9rj\u00fcnk \u00e1t a k\u00e9rd\u00e9sekre!<\/p>\n<h4><strong>Milyen gyakran fordul el\u0151, hogy saj\u00e1t fizet\u00e9s\u00e9b\u0151l kell k\u00f6ltenie olyan c\u00e9lra, amely az alapvet\u0151 munkafelt\u00e9telek k\u00f6z\u00e9 kellene, hogy tartozzon?<\/strong><\/h4>\n<p><a href=\"https:\/\/abonyita.inf.elte.hu\/wp-content\/uploads\/2013\/10\/tk1k.png\"><img loading=\"lazy\" decoding=\"async\" class=\"aligncenter size-full wp-image-1405\" alt=\"Milyen gyakran fordul el\u0151, hogy saj\u00e1t fizet\u00e9s\u00e9b\u0151l kell k\u00f6ltenie olyan c\u00e9lra, amely az alapvet\u0151 munkafelt\u00e9telek k\u00f6z\u00e9 kellene, hogy tartozzon?\" src=\"https:\/\/abonyita.inf.elte.hu\/wp-content\/uploads\/2013\/10\/tk1k.png\" width=\"375\" height=\"150\" srcset=\"https:\/\/abonyita.inf.elte.hu\/wp-content\/uploads\/2013\/10\/tk1k.png 375w, https:\/\/abonyita.inf.elte.hu\/wp-content\/uploads\/2013\/10\/tk1k-300x120.png 300w\" sizes=\"auto, (max-width: 599px) calc(100vw - 50px), (max-width: 767px) calc(100vw - 70px), (max-width: 991px) 429px, (max-width: 1199px) 637px, 354px\" \/><\/a><\/p>\n<table>\n<tbody>\n<tr>\n<th><strong>Gyakoris\u00e1g<\/strong><\/th>\n<th><strong>V\u00e1laszok sz\u00e1ma<\/strong><\/th>\n<th><strong>%<\/strong><\/th>\n<\/tr>\n<tr>\n<td>Minden h\u00f3napban<\/td>\n<td>103<\/td>\n<td>73%<\/td>\n<\/tr>\n<tr>\n<td>2-3 havonta<\/td>\n<td>23<\/td>\n<td>16%<\/td>\n<\/tr>\n<tr>\n<td>F\u00e9l\u00e9vente<\/td>\n<td>2<\/td>\n<td>1%<\/td>\n<\/tr>\n<tr>\n<td>Alkalmank\u00e9nt<\/td>\n<td>13<\/td>\n<td>8%<\/td>\n<\/tr>\n<tr>\n<td>Szerencs\u00e9re nem kell<\/td>\n<td>1<\/td>\n<td>&lt;1%<\/td>\n<\/tr>\n<\/tbody>\n<\/table>\n<p>A sz\u00e1mok \u00f6nmaguk\u00e9rt besz\u00e9lnek, <strong>a v\u00e1laszad\u00f3k csaknem h\u00e1romnegyede havi szinten \u00e1ldoz a saj\u00e1t fizet\u00e9s\u00e9b\u0151l<\/strong> arra a &#8222;nemes c\u00e9lra&#8221;, hogy megteremtse a munkafelt\u00e9teleit.<\/p>\n<p><span style=\"color: #ff0000;\">Figyelem! A felm\u00e9r\u00e9s nem reprezentat\u00edv (s\u0151t, lehet hogy manipulat\u00edv), \u00edgy az eredm\u00e9nyekb\u0151l nem lehet a teljes tan\u00e1ri popul\u00e1ci\u00f3ra vonatkoz\u00f3 k\u00f6vetkeztet\u00e9seket levonni.<\/span><\/p>\n<h4><strong>K\u00f6r\u00fclbel\u00fcl mekkora \u00f6sszeget ford\u00edtott az elm\u00falt tan\u00e9vben ilyen c\u00e9lokra?<\/strong><\/h4>\n<p><a href=\"https:\/\/abonyita.inf.elte.hu\/wp-content\/uploads\/2013\/10\/tk2.png\"><img loading=\"lazy\" decoding=\"async\" class=\"aligncenter size-full wp-image-1396\" alt=\"K\u00f6r\u00fclbel\u00fcl mekkora \u00f6sszeget ford\u00edtott az elm\u00falt tan\u00e9vben ilyen c\u00e9lokra?\" src=\"https:\/\/abonyita.inf.elte.hu\/wp-content\/uploads\/2013\/10\/tk2.png\" width=\"383\" height=\"405\" srcset=\"https:\/\/abonyita.inf.elte.hu\/wp-content\/uploads\/2013\/10\/tk2.png 383w, https:\/\/abonyita.inf.elte.hu\/wp-content\/uploads\/2013\/10\/tk2-284x300.png 284w\" sizes=\"auto, (max-width: 599px) calc(100vw - 50px), (max-width: 767px) calc(100vw - 70px), (max-width: 991px) 429px, (max-width: 1199px) 637px, 354px\" \/><\/a>Azt hiszem ilyen t\u00edpus\u00fa grafikonok al\u00e1 szokt\u00e1k azt \u00edrni a m\u00e9di\u00e1ban, hogy:\u00a0 &#8222;No comment&#8221;.<\/p>\n<div style=\"width: 413px\" class=\"wp-caption aligncenter\"><img loading=\"lazy\" decoding=\"async\" alt=\"\" src=\"http:\/\/wanna-joke.com\/wp-content\/uploads\/2013\/05\/my-salary.jpg\" width=\"403\" height=\"446\" \/><p class=\"wp-caption-text\">Forr\u00e1s: http:\/\/wanna-joke.com\/wp-content\/uploads\/2013\/05\/my-salary.jpg<\/p><\/div>\n<p><span style=\"color: #ff0000;\">Figyelem! A felm\u00e9r\u00e9s nem reprezentat\u00edv (s\u0151t, lehet hogy manipulat\u00edv), \u00edgy az eredm\u00e9nyekb\u0151l nem lehet a teljes tan\u00e1ri popul\u00e1ci\u00f3ra vonatkoz\u00f3 k\u00f6vetkeztet\u00e9seket levonni.<\/span><\/p>\n<h4><strong>Jellemz\u0151en milyen c\u00e9lra ford\u00edt saj\u00e1t p\u00e9nz\u00e9b\u0151l?<\/strong><\/h4>\n<p>Az al\u00e1bbi t\u00e1bl\u00e1zatban l\u00e1thatjuk ter\u00fcletekre lebontva a jellemz\u0151 k\u00f6lts\u00e9geket:<\/p>\n<table>\n<tbody>\n<tr>\n<th><strong>C\u00e9l megnevez\u00e9se<\/strong><\/th>\n<th><strong>H\u00e1nyan jel\u00f6lt\u00e9k be?<\/strong><\/th>\n<th><strong>%<\/strong><\/th>\n<\/tr>\n<tr>\n<td>Kr\u00e9ta, t\u00e1blafilc<\/td>\n<td>50<\/td>\n<td>5%<\/td>\n<\/tr>\n<tr>\n<td>F\u00e9nym\u00e1sol\u00f3 pap\u00edr<\/td>\n<td>84<\/td>\n<td>9%<\/td>\n<\/tr>\n<tr>\n<td>Irodaszerek (toll, ceruza, rad\u00edr, f\u00fczet, stb.)<\/td>\n<td>122<\/td>\n<td>13%<\/td>\n<\/tr>\n<tr>\n<td>Saj\u00e1t sz\u00e1m\u00edt\u00f3g\u00e9p \u00e9s perif\u00e9ri\u00e1i<\/td>\n<td>109<\/td>\n<td>11%<\/td>\n<\/tr>\n<tr>\n<td>Saj\u00e1t nyomtat\u00f3patron, toner<\/td>\n<td>105<\/td>\n<td>11%<\/td>\n<\/tr>\n<tr>\n<td>Tank\u00f6nyv, szakk\u00f6nyv, multim\u00e9di\u00e1s kiadv\u00e1nyok, e-book<\/td>\n<td>104<\/td>\n<td>11%<\/td>\n<\/tr>\n<tr>\n<td>A tant\u00e1rgyi k\u00eds\u00e9rletekhez, bemutat\u00f3khoz sz\u00fcks\u00e9ges felt\u00e9telek megteremt\u00e9se (pl. vegyszer, alkatr\u00e9sz, elem)<\/td>\n<td>39<\/td>\n<td>4%<\/td>\n<\/tr>\n<tr>\n<td>Pedag\u00f3gus tov\u00e1bbk\u00e9pz\u00e9sen val\u00f3 r\u00e9szv\u00e9tel<\/td>\n<td>62<\/td>\n<td>7%<\/td>\n<\/tr>\n<tr>\n<td>Saj\u00e1t tulajdon\u00fa telefonk\u00e9sz\u00fcl\u00e9k haszn\u00e1lata sz\u00fcl\u0151kkel val\u00f3 kommunik\u00e1ci\u00f3 c\u00e9lj\u00e1b\u00f3l<\/td>\n<td>103<\/td>\n<td>11%<\/td>\n<\/tr>\n<tr>\n<td>Oktat\u00e1sban haszn\u00e1lt, fizet\u0151s internetes szolg\u00e1ltat\u00e1sok ig\u00e9nybev\u00e9tele (pl. Ning, Dropbox, Google Drive, Prezi, stb. )<\/td>\n<td>14<\/td>\n<td>1%<\/td>\n<\/tr>\n<tr>\n<td>Apr\u00f3 figyelmess\u00e9g a gyerekeknek (mikul\u00e1s, egy\u00e9b esem\u00e9nyek)<\/td>\n<td>89<\/td>\n<td>9%<\/td>\n<\/tr>\n<tr>\n<td>Konferenci\u00e1k (fenntart\u00f3 \u00e1ltal meg nem t\u00e9r\u00edtend\u0151) k\u00f6lts\u00e9geire<\/td>\n<td>34<\/td>\n<td>4%<\/td>\n<\/tr>\n<tr>\n<td>Egy\u00e9b<\/td>\n<td>34<\/td>\n<td>4%<\/td>\n<\/tr>\n<\/tbody>\n<\/table>\n<p>A visszajelz\u00e9sek alapj\u00e1n a megk\u00e9rdezett tan\u00e1rok az irodaszerekre k\u00f6ltenek legt\u00f6bbet (de ezzel nincs gond, hiszen nemr\u00e9giben megtudtuk, hogy &#8222;<em>ez hozz\u00e1tartozik a tan\u00e1ri hivat\u00e1shoz<\/em>&#8222;), de a saj\u00e1t sz\u00e1m\u00edt\u00f3g\u00e9p, a nyomtat\u00f3patron, a tank\u00f6nyv\/szakk\u00f6nyv \u00e9s a sz\u00fcl\u0151kkel val\u00f3 telefonos kommunik\u00e1ci\u00f3 is gondoskodik a p\u00e9nzt\u00e1rca fittebb (v\u00e9konyabb) megjelen\u00e9s\u00e9r\u0151l.<\/p>\n<p><span style=\"color: #ff0000;\">Figyelem! A felm\u00e9r\u00e9s nem reprezentat\u00edv (s\u0151t, lehet hogy manipulat\u00edv), \u00edgy az eredm\u00e9nyekb\u0151l nem lehet a teljes tan\u00e1ri popul\u00e1ci\u00f3ra vonatkoz\u00f3 k\u00f6vetkeztet\u00e9seket levonni.<\/span><\/p>\n<p><strong>A k\u00f6lts\u00e9gek t\u00e9telesen<\/strong><\/p>\n<div id=\":c.sc\">\u00a0A v\u00e1laszad\u00f3k t\u00e9telesen is megadhatt\u00e1k, hogy mire k\u00f6lt\u00f6ttek. Szemezgess\u00fcnk kicsit a bek\u00fcld\u00f6tt adatokb\u00f3l!<\/div>\n<div><\/div>\n<div><strong>K\u00f6z\u00e9piskolai tan\u00e1r (1): <\/strong>&#8222;<em>Tekintettel arra, hogy iskol\u00e1nk fenntart\u00e1sra, fel\u00faj\u00edt\u00e1sra \u00e9vek \u00f3ta egyre kevesebbet k\u00f6lthet, a munkak\u00f6z\u00f6ss\u00e9g\u00fcnkh\u00f6z tartoz\u00f3 tantermeket \u00e9s tanm\u0171helyt \u00fagy tudtuk kifesteni az elm\u00falt \u00e9vben, hogy mi oktat\u00f3k dobtuk \u00f6ssze a fest\u00e9kre a p\u00e9nzt.\u00a0A karbantart\u00f3k a fest\u00e9sben tudtak seg\u00edteni.<\/em>&#8222;<\/div>\n<div><strong>K\u00f6z\u00e9piskolai tan\u00e1r (2): <\/strong>&#8222;<em>Irodaszerek 5000 Ft, Saj\u00e1t sz\u00e1m\u00edt\u00f3g\u00e9p \u00e9s perif\u00e9ri\u00e1i 25 000 Ft. Tank\u00f6nyv stb. 10 000 Ft. K\u00eds\u00e9rletekhez 3000 Ft, Tov\u00e1bbk\u00e9pz\u00e9s 10 000 Ft, Telefon haszn\u00e1lata 2000 Ft, Apr\u00f3 figyelmess\u00e9g 10 000 Ft<\/em>&#8222;<\/div>\n<div><strong>Fels\u0151oktat\u00e1sban dolgoz\u00f3 tan\u00e1r<\/strong>: &#8222;<em>30 ezer ft: hordozhat\u00f3 merevlemez (100%-ban a munka miatt) 60 ezer ft:\u00a0 tablet &#8211; a sok utaz\u00e1s miatt, hogy k\u00f6zben is tudjam a munk\u00e1m v\u00e9gezni (50%-ban a munka miatt)<\/em>&#8222;<\/div>\n<div><strong>\u00c1ltal\u00e1nos iskolai tan\u00e1r (1)<\/strong>: &#8222;<em>Nyomtat\u00e1s (dolgozatok, oktat\u00e1si anyagok)-pap\u00edr \u00e9s tinta: 10000 Ft<\/em>&#8222;<\/div>\n<div><strong>\u00c1ltal\u00e1nos iskolai tan\u00e1r (2)<\/strong>: &#8222;<em>Egy konferencia 25000.-, patron 2&#215;12000.-, pap\u00edr 4000.-, \u00edr\u00f3szer 8000.-, csoki-cukor a gyerekeknek 4000.- \u00e9vent<\/em>e&#8221;<\/div>\n<div><\/div>\n<h4><strong>Munkak\u00f6r\u00fclm\u00e9nyek<\/strong><\/h4>\n<p>A k\u00e9rd\u0151\u00edvben az \u00e1ltal\u00e1nos munkak\u00f6r\u00fclm\u00e9nyekre vonatkoz\u00f3 k\u00e9rd\u00e9seket is feltettem.<\/p>\n<h4><strong>Az \u00d6n int\u00e9zm\u00e9ny\u00e9ben kb. h\u00e1ny oktat\u00f3ra jut egy olyan sz\u00e1m\u00edt\u00f3g\u00e9p, amit b\u00e1rmikor haszn\u00e1lni lehet (pl. tan\u00e1riban elhelyezett)?<\/strong><\/h4>\n<p><a href=\"https:\/\/abonyita.inf.elte.hu\/wp-content\/uploads\/2013\/10\/tk3.png\"><img loading=\"lazy\" decoding=\"async\" class=\"aligncenter size-full wp-image-1398\" alt=\"Az \u00d6n int\u00e9zm\u00e9ny\u00e9ben kb. h\u00e1ny oktat\u00f3ra jut egy olyan sz\u00e1m\u00edt\u00f3g\u00e9p, amit b\u00e1rmikor haszn\u00e1lni lehet (pl. tan\u00e1riban elhelyezett)?\" src=\"https:\/\/abonyita.inf.elte.hu\/wp-content\/uploads\/2013\/10\/tk3.png\" width=\"401\" height=\"333\" srcset=\"https:\/\/abonyita.inf.elte.hu\/wp-content\/uploads\/2013\/10\/tk3.png 401w, https:\/\/abonyita.inf.elte.hu\/wp-content\/uploads\/2013\/10\/tk3-300x249.png 300w\" sizes=\"auto, (max-width: 599px) calc(100vw - 50px), (max-width: 767px) calc(100vw - 70px), (max-width: 991px) 429px, (max-width: 1199px) 637px, 354px\" \/><\/a>A tan\u00e1rok 12 sz\u00e1zal\u00e9ka nyilatkozott \u00fagy, hogy saj\u00e1t g\u00e9ppel rendelkezik, azt b\u00e1rmikor haszn\u00e1lhatja. <strong>A szer\u00e9ny t\u00f6bbs\u00e9gnek (87%) be kell osztania, hogy mikor jut sz\u00e1m\u00edt\u00f3g\u00e9phez<\/strong>, \u00fcd\u00edt\u0151 kiv\u00e9telt jelent az a k\u00e9t koll\u00e9ga, akinek nem kell a beoszt\u00e1ssal bajl\u00f3dnia, mert nincs olyan sz\u00e1m\u00edt\u00f3g\u00e9p az int\u00e9zm\u00e9nyben, amelyet haszn\u00e1lhatna. Ilyen k\u00f6r\u00fclm\u00e9nyek k\u00f6z\u00f6tt persze sz\u00e9pen el lehet t\u00f6lteni a megemelt sz\u00e1m\u00fa\u00a0 k\u00f6telez\u0151 \u00f3r\u00e1kat az iskol\u00e1ban \u00e9s hazat\u00e9rve le lehet \u00fclni a saj\u00e1t sz\u00e1m\u00edt\u00f3g\u00e9p el\u00e9, k\u00e9sz\u00fclni a m\u00e1snapi \u00f3r\u00e1kra, be\u00edrni az e-napl\u00f3t, ami persze sok helyen m\u00e1r van, csak \u00e9ppen lehet\u0151s\u00e9g nincs arra, hogy a jegyeket a munkaidej\u00e9ben, a munkahely\u00e9n r\u00f6gz\u00edtse a tan\u00e1r.<\/p>\n<p><div style=\"width: 505px\" class=\"wp-caption aligncenter\"><img loading=\"lazy\" decoding=\"async\" class=\"   \" alt=\"\" src=\"http:\/\/www.banglanews24.com\/images\/imgAll\/2013March\/bcsOpen-Edit-Mbg20130314042837.jpg\" width=\"495\" height=\"273\" \/><p class=\"wp-caption-text\">A tan\u00e1ri kar fegyelmezetten \u00e9s vid\u00e1man v\u00e1rja, hogy a h\u0151n \u00e1h\u00edtott sz\u00e1m\u00edt\u00f3g\u00e9pet haszn\u00e1lhassa, amit \u00fcnnep\u00e9lyes keretek (\u00e9s lufik) k\u00f6z\u00f6tt adtak \u00e1t nemr\u00e9gen (EU-s p\u00e1ly\u00e1zatb\u00f3l)<br \/>[Term\u00e9szetesen a k\u00e9p nem err\u0151l sz\u00f3l, bocs\u00e1nat a rajta szerepl\u0151kt\u0151l]<\/p><\/div><span style=\"color: #ff0000;\">Figyelem! A felm\u00e9r\u00e9s nem reprezentat\u00edv (s\u0151t, lehet hogy manipulat\u00edv), \u00edgy az eredm\u00e9nyekb\u0151l nem lehet a teljes tan\u00e1ri popul\u00e1ci\u00f3ra vonatkoz\u00f3 k\u00f6vetkeztet\u00e9seket levonni.<\/span><\/p>\n<h4><strong>Ezen sz\u00e1m\u00edt\u00f3g\u00e9peken el\u00e9rhet\u0151 az internet?<\/strong><\/h4>\n<p><a href=\"https:\/\/abonyita.inf.elte.hu\/wp-content\/uploads\/2013\/10\/tk4.png\"><img loading=\"lazy\" decoding=\"async\" class=\"aligncenter size-full wp-image-1399\" alt=\"Ezen sz\u00e1m\u00edt\u00f3g\u00e9peken el\u00e9rhet\u0151 az internet?\" src=\"https:\/\/abonyita.inf.elte.hu\/wp-content\/uploads\/2013\/10\/tk4.png\" width=\"381\" height=\"290\" srcset=\"https:\/\/abonyita.inf.elte.hu\/wp-content\/uploads\/2013\/10\/tk4.png 381w, https:\/\/abonyita.inf.elte.hu\/wp-content\/uploads\/2013\/10\/tk4-300x228.png 300w\" sizes=\"auto, (max-width: 599px) calc(100vw - 50px), (max-width: 767px) calc(100vw - 70px), (max-width: 991px) 429px, (max-width: 1199px) 637px, 354px\" \/><\/a>De legal\u00e1bb internet van, kiv\u00e9ve ahol ehhez is szerencse kell (4%).<\/p>\n<p><span style=\"color: #ff0000;\">Figyelem! A felm\u00e9r\u00e9s nem reprezentat\u00edv (s\u0151t, lehet hogy manipulat\u00edv), \u00edgy az eredm\u00e9nyekb\u0151l nem lehet a teljes tan\u00e1ri popul\u00e1ci\u00f3ra vonatkoz\u00f3 k\u00f6vetkeztet\u00e9seket levonni.<\/span><\/p>\n<h4><strong>Van lehet\u0151s\u00e9ge az int\u00e9zm\u00e9nyben nyomtatni?<\/strong><\/h4>\n<p><a href=\"https:\/\/abonyita.inf.elte.hu\/wp-content\/uploads\/2013\/10\/tk5.png\"><img loading=\"lazy\" decoding=\"async\" class=\"aligncenter size-full wp-image-1400\" alt=\"Van lehet\u0151s\u00e9ge az int\u00e9zm\u00e9nyben nyomtatni?\" src=\"https:\/\/abonyita.inf.elte.hu\/wp-content\/uploads\/2013\/10\/tk5.png\" width=\"343\" height=\"261\" srcset=\"https:\/\/abonyita.inf.elte.hu\/wp-content\/uploads\/2013\/10\/tk5.png 343w, https:\/\/abonyita.inf.elte.hu\/wp-content\/uploads\/2013\/10\/tk5-300x228.png 300w\" sizes=\"auto, (max-width: 599px) calc(100vw - 50px), (max-width: 767px) calc(100vw - 70px), (max-width: 991px) 429px, (max-width: 1199px) 637px, 354px\" \/><\/a>Az \u00e9sszer\u0171 korl\u00e1toz\u00e1sokra persze sz\u00fcks\u00e9g van, de a korl\u00e1toz\u00e1sokat olyan m\u0171v\u00e9szi szintre is lehet emelni az int\u00e9zm\u00e9nyekben, hogy a tan\u00e1r ink\u00e1bb otthon nyomtatja ki az iskolai dolgozatokat, felm\u00e9r\u0151ket.\u00a0 \u00cdgy nem \u00e9l vissza az ad\u00f3fizet\u0151k p\u00e9nz\u00e9vel, az ad\u00f3fizet\u0151k pedig h\u00e1l\u00e1sak a tan\u00e1roknak, \u00e9s ezt \u00e1ltal\u00e1ban az &#8222;eg\u00e9sz ny\u00e1ron \u00fagyis szabads\u00e1gon vagytok&#8221; rigmusokkal szokt\u00e1k meger\u0151s\u00edteni (ha egy\u00e1ltal\u00e1n). [Ez a biztat\u00e1s v\u00e9lhet\u0151en azon koll\u00e9g\u00e1knak is j\u00f3l esett, akiket \u00fagy foglalkoztattak, hogy <a href=\"http:\/\/www.kozszolga.hu\/hirek\/sok-pedag%C3%B3gus-ny%C3%A1ron-nem-kap-fizet%C3%A9st-avagy-\" target=\"_blank\">szeptember 1. \u00e9s j\u00fanius 30. k\u00f6z\u00f6tt volt csak szerz\u0151d\u00e9s\u00fck<\/a>, mert a fenntart\u00f3 \u00edgy tudott sp\u00f3rolni.]<\/p>\n<p>J\u00f3 lenne egy p\u00e1ly\u00e1zatot ind\u00edtani a nyomtat\u00f3kell\u00e9kek gy\u00e1rt\u00f3i k\u00f6z\u00f6tt! A c\u00edme lehetne:\u00a0 &#8222;<strong>Fogadj \u00f6r\u00f6kbe Te is egy tan\u00e1rt!<\/strong>&#8221; A mestertan\u00e1roknak ak\u00e1r m\u00e1r sz\u00ednes nyomtat\u00f3patron is j\u00e1rhatna! A log\u00f3 lehetne egy szigor\u00fa tan\u00e1r, aki a bev\u00e1s\u00e1rl\u00f3kosar\u00e1b\u00f3l visszatesz egy doboz leg\u00f3t a polcra \u00e9s\u00a0 helyette tintapatront v\u00e1s\u00e1rol megel\u00e9gedett (k\u00e9jes?) arckifejez\u00e9ssel&#8230;<\/p>\n<div style=\"width: 308px\" class=\"wp-caption aligncenter\"><img loading=\"lazy\" decoding=\"async\" alt=\"\" src=\"http:\/\/www.idwholesaler.com\/blog\/wp-content\/uploads\/2011\/09\/locked-printer.jpg\" width=\"298\" height=\"186\" \/><p class=\"wp-caption-text\">Forr\u00e1s: http:\/\/www.idwholesaler.com\/blog\/wp-content\/uploads\/2011\/09\/locked-printer.jpg<\/p><\/div>\n<p><span style=\"color: #ff0000;\">Figyelem! A felm\u00e9r\u00e9s nem reprezentat\u00edv (s\u0151t, lehet hogy manipulat\u00edv), \u00edgy az eredm\u00e9nyekb\u0151l nem lehet a teljes tan\u00e1ri popul\u00e1ci\u00f3ra vonatkoz\u00f3 k\u00f6vetkeztet\u00e9seket levonni.<\/span><\/p>\n<h4><strong>Van saj\u00e1t asztala az int\u00e9zm\u00e9nyben?<\/strong><\/h4>\n<p><a href=\"https:\/\/abonyita.inf.elte.hu\/wp-content\/uploads\/2013\/10\/tk6.png\"><img loading=\"lazy\" decoding=\"async\" class=\"aligncenter size-full wp-image-1401\" alt=\"Van saj\u00e1t asztala az int\u00e9zm\u00e9nyben?\" src=\"https:\/\/abonyita.inf.elte.hu\/wp-content\/uploads\/2013\/10\/tk6.png\" width=\"368\" height=\"261\" srcset=\"https:\/\/abonyita.inf.elte.hu\/wp-content\/uploads\/2013\/10\/tk6.png 368w, https:\/\/abonyita.inf.elte.hu\/wp-content\/uploads\/2013\/10\/tk6-300x213.png 300w\" sizes=\"auto, (max-width: 599px) calc(100vw - 50px), (max-width: 767px) calc(100vw - 70px), (max-width: 991px) 429px, (max-width: 1199px) 637px, 354px\" \/><\/a><strong>Nagyon \u00f6rvendetes, hogy a tan\u00e1rok legal\u00e1bb a saj\u00e1t asztalukhoz le\u00fclhetnek<\/strong> \u00e9s jav\u00edthatj\u00e1k a dolgozatokat, k\u00e9sz\u00fclhetnek az \u00f3r\u00e1ikra, <strong>persze ha \u00e9ppen nincs ott az a koll\u00e9ga, akivel k\u00f6z\u00f6s asztalon osztoznak (24%).<\/strong> Enn\u00e9l lehet persze rosszabb is, amikor nincs asztala valakinek (6%), de ez m\u00e1r annyira durva, hogy ezt \u00e9n magam sem hiszem el, \u00e9s arra tippeln\u00e9k, hogy vagy figyelmetlens\u00e9g \u00e1ll a h\u00e1tt\u00e9rben, vagy a k\u00e9rd\u0151\u00edv cell\u00e1it &#8222;Nincs&#8221; sz\u00f6veggel kit\u00f6lt\u0151 v\u00edrus gar\u00e1zd\u00e1lkodik a Google felh\u0151iben&#8230;<\/p>\n<p><span style=\"color: #ff0000;\">Figyelem! A felm\u00e9r\u00e9s nem reprezentat\u00edv (s\u0151t, lehet hogy manipulat\u00edv), \u00edgy az eredm\u00e9nyekb\u0151l nem lehet a teljes tan\u00e1ri popul\u00e1ci\u00f3ra vonatkoz\u00f3 k\u00f6vetkeztet\u00e9seket levonni.<\/span><\/p>\n<h4><strong>Elegend\u0151 m\u00e9ret\u0171 az asztala ahhoz, hogy k\u00e9nyelmesen dolgozhasson, elf\u00e9rjen minden k\u00f6nyve, mapp\u00e1ja, esetleg sz\u00e1m\u00edt\u00f3g\u00e9pe?<\/strong><\/h4>\n<p>&nbsp;<\/p>\n<p>&nbsp;<\/p>\n<p><a href=\"https:\/\/abonyita.inf.elte.hu\/wp-content\/uploads\/2013\/10\/tk7.png\"><img loading=\"lazy\" decoding=\"async\" class=\"aligncenter size-full wp-image-1402\" alt=\"Elegend\u0151 m\u00e9ret\u0171 az asztala ahhoz, hogy k\u00e9nyelmesen dolgozhasson, elf\u00e9rjen minden k\u00f6nyve, mapp\u00e1ja, esetleg sz\u00e1m\u00edt\u00f3g\u00e9pe?\" src=\"https:\/\/abonyita.inf.elte.hu\/wp-content\/uploads\/2013\/10\/tk7.png\" width=\"320\" height=\"238\" srcset=\"https:\/\/abonyita.inf.elte.hu\/wp-content\/uploads\/2013\/10\/tk7.png 320w, https:\/\/abonyita.inf.elte.hu\/wp-content\/uploads\/2013\/10\/tk7-300x223.png 300w\" sizes=\"auto, (max-width: 599px) calc(100vw - 50px), (max-width: 767px) calc(100vw - 70px), (max-width: 991px) 429px, (max-width: 1199px) 637px, 354px\" \/><\/a>Ha van asztalunk, akkor sem lehet\u00fcnk marad\u00e9ktalanul el\u00e9gedettek. Persze tudjuk, hogy nem a m\u00e9ret a l\u00e9nyeg, de az\u00e9rt nem lenne h\u00e1tr\u00e1ny, ha az asztalon elf\u00e9rn\u00e9nek a mapp\u00e1k, k\u00f6nyvek, esetleg egy (szigor\u00faan saj\u00e1t tulajdon\u00fa) sz\u00e1m\u00edt\u00f3g\u00e9p, amellyel dolgozni lehet, ha m\u00e1r az iskol\u00e1ban nincs elegend\u0151. <strong>Ez a munkahelyi \u00e9lm\u00e9ny a v\u00e1laszad\u00f3 tan\u00e1rok 28 sz\u00e1zal\u00e9k\u00e1nak megadatik, \u00f6r\u00fclj\u00fcnk ennek egy\u00fctt!<\/strong><\/p>\n<p>httpv:\/\/www.youtube.com\/watch?v=uJkrA6DtDgQ<\/p>\n<p><span style=\"color: #ff0000;\">Figyelem! A felm\u00e9r\u00e9s nem reprezentat\u00edv (s\u0151t, lehet hogy manipulat\u00edv), \u00edgy az eredm\u00e9nyekb\u0151l nem lehet a teljes tan\u00e1ri popul\u00e1ci\u00f3ra vonatkoz\u00f3 k\u00f6vetkeztet\u00e9seket levonni.<\/span><\/p>\n<p>A <a href=\"http:\/\/www.tarki-tudok.hu\/file\/tanulmanyok\/v_pedagogus2010_zarotanulmany.pdf\" target=\"_blank\">Pedag\u00f3gus 2010 kutat\u00e1s<\/a> \u00f3ta persze tudjuk, hogy egy pedag\u00f3gus sz\u00e1m\u00e1ra \u00e1tlagosan 2,32 n\u00e9gyzetm\u00e9ter hely \u00e9s 0,61 n\u00e9gyzetm\u00e9ter \u00edr\u00f3asztal jut a tan\u00e1ri szob\u00e1ban, \u00edgy nincs semmi meglep\u0151.<\/p>\n<div style=\"width: 502px\" class=\"wp-caption aligncenter\"><img loading=\"lazy\" decoding=\"async\" class=\" \" alt=\"\" src=\"https:\/\/lh3.googleusercontent.com\/-1UQc43ZI7Sc\/TmiBvxU3bnI\/AAAAAAAAAxs\/zkF-IRwgp5c\/s912\/IMG_8112_j.jpg\" width=\"492\" height=\"328\" \/><p class=\"wp-caption-text\">Tan\u00e1ri szoba berendez\u00e9se a Feng Shui jegy\u00e9ben<br \/>(az arcokat nem \u00e9n torz\u00edtottam el, nekem szebben is ment volna&#8230;)<br \/>Forr\u00e1s: https:\/\/lh3.googleusercontent.com\/-1UQc43ZI7Sc\/TmiBvxU3bnI\/AAAAAAAAAxs\/zkF-IRwgp5c\/s912\/IMG_8112_j.jpg<\/p><\/div>\n<h4><strong>A tan\u00e1riban, szert\u00e1rban, szob\u00e1j\u00e1ban (ahol jellemz\u0151en dolgozni szokott az int\u00e9zm\u00e9nyben) van lehet\u0151s\u00e9ge arra, hogy a saj\u00e1t sz\u00e1m\u00edt\u00f3g\u00e9p\u00e9n el\u00e9rje az internetet?<\/strong><\/h4>\n<h4><strong><a href=\"https:\/\/abonyita.inf.elte.hu\/wp-content\/uploads\/2013\/10\/tk8.png\"><img loading=\"lazy\" decoding=\"async\" class=\"aligncenter size-full wp-image-1403\" alt=\"A tan\u00e1riban, szert\u00e1rban, szob\u00e1j\u00e1ban (ahol jellemz\u0151en dolgozni szokott az int\u00e9zm\u00e9nyben) van lehet\u0151s\u00e9ge arra, hogy a saj\u00e1t sz\u00e1m\u00edt\u00f3g\u00e9p\u00e9n el\u00e9rje az internetet?\" src=\"https:\/\/abonyita.inf.elte.hu\/wp-content\/uploads\/2013\/10\/tk8.png\" width=\"328\" height=\"240\" srcset=\"https:\/\/abonyita.inf.elte.hu\/wp-content\/uploads\/2013\/10\/tk8.png 328w, https:\/\/abonyita.inf.elte.hu\/wp-content\/uploads\/2013\/10\/tk8-300x220.png 300w\" sizes=\"auto, (max-width: 599px) calc(100vw - 50px), (max-width: 767px) calc(100vw - 70px), (max-width: 991px) 429px, (max-width: 1199px) 637px, 354px\" \/><\/a><\/strong>Ha m\u00e1r nincs az iskol\u00e1ban el\u00e9g sz\u00e1m\u00edt\u00f3g\u00e9p, nosza vegy\u00fcnk egyet saj\u00e1t p\u00e9nzb\u0151l, \u00e9s amortiz\u00e1ljuk le a suliban! <strong>Tudunk-e vajon a saj\u00e1t sz\u00e1m\u00edt\u00f3g\u00e9p\u00fcnkkel az internethez csatlakozni?<\/strong> A 97-es sz\u00e1m nagyon biztat\u00f3 a diagramon, am\u00edg r\u00e1 nem j\u00f6v\u00fcnk, hogy ez nem a sz\u00e1zal\u00e9kos ar\u00e1ny, hanem a v\u00e1laszad\u00f3k sz\u00e1ma, \u00e9s ez mind\u00f6ssze 70 sz\u00e1zal\u00e9kot jelent. <strong>De legal\u00e1bb a koll\u00e9g\u00e1k 30 sz\u00e1zal\u00e9ka v\u00e9dve van az internet k\u00e1ros hat\u00e1sai ellen a munkahely\u00e9n<\/strong>, \u00edgy majd csak otthon fog elm\u00e9lyedni az internet legmocskosabb bugyraiban (l\u00e1sd e-napl\u00f3).<\/h4>\n<p><span style=\"color: #ff0000;\">Figyelem! A felm\u00e9r\u00e9s nem reprezentat\u00edv (s\u0151t, lehet hogy manipulat\u00edv), \u00edgy az eredm\u00e9nyekb\u0151l nem lehet a teljes tan\u00e1ri popul\u00e1ci\u00f3ra vonatkoz\u00f3 k\u00f6vetkeztet\u00e9seket levonni.<\/span><\/p>\n<h4><strong>V\u00e9lem\u00e9ny, hozz\u00e1sz\u00f3l\u00e1sok<\/strong><\/h4>\n<p>A k\u00f6vetkez\u0151 v\u00e9lem\u00e9nyek olvas\u00e1sa kapcs\u00e1n szint\u00e9n az unatkoz\u00f3 tinik juthatnak az esz\u00fcnkben, akik meghekkelt\u00e9k a k\u00e9rd\u0151\u00edvet, mert egyszer\u0171en ler\u00ed a v\u00e1laszokr\u00f3l, hogy ezeket valakik kital\u00e1lt\u00e1k:<\/p>\n<ul>\n<li>A &#8222;csoportp\u00e9nz&#8221; n\u00e9lk\u00fcl nem l\u00e9tezhetne az int\u00e9zm\u00e9ny. Mivel borzaszt\u00f3an megal\u00e1z\u00f3 gyan\u00fas\u00edt\u00e1soknak vagyunk kit\u00e9ve ezzel kapcsolatban (amit a miniszt\u00e9riumok m\u00e9g t\u00e1mogatnak is,hogy jogtalan a csoportp\u00e9nz&#8230;de ugye eszk\u00f6zp\u00e9nz nincs)..sokszor ink\u00e1bb magunk vesz\u00fcnk meg dolgokat,hogy ne kelljen magyar\u00e1zkodni&#8230;Csakhogy csal\u00e1djaink nem igaz\u00e1n gazdagok \u00e9s ilyenkor saj\u00e1t gyermekeinkt\u0151l vonjuk meg a p\u00e9nzt&#8230;Micsoda dolog az,hogy a pedag\u00f3gus csal\u00e1dja szerel,sz\u00e1ll\u00edt,adom\u00e1nyoz,hogy az int\u00e9zm\u00e9ny m\u0171k\u00f6dj\u00f6n? Iszonyatos&#8230;<\/li>\n<li>Gyerekek, eszk\u00f6z\u00f6k sz\u00e1ll\u00edt\u00e1sa saj\u00e1t j\u00e1rm\u0171vel. Enni-, innival\u00f3 gyerekeknek, sz\u00fcl\u0151knek rendezv\u00e9nyekre. Iskola k\u00fcl\u00f6nb\u00f6z\u0151 telephelyei k\u00f6zti k\u00f6zleked\u00e9s. Gyerekek (sz\u00fcl\u0151k) \u00e1ltal be nem fizetett p\u00e9nzek p\u00f3tl\u00e1sa, rendez\u00e9se. Munk\u00e1ban gyorsan haszn\u00e1l\u00f3d\u00f3 ruh\u00e1zat p\u00f3tl\u00e1sa (nincs m\u00e1r &#8222;k\u00f6penyp\u00e9nz&#8221;).<\/li>\n<li>Az iskol\u00e1n k\u00edv\u00fcli foglalkoz\u00e1sok- kir\u00e1ndul\u00e1s, ami tov\u00e1bb tart, mint 8 \u00f3ra (t\u00f6bb napos), semmi fizet\u00e9st nem kapunk az alapon k\u00edv\u00fcl, napid\u00edj brutt\u00f3 500 Ft volt a tavalyi tan\u00e9vben, amib\u0151l a teljes napi \u00e9tkez\u00e9s\u00fcnket kellene megoldani. Id\u00e9n m\u00e9g ennyit sem kapunk, sz\u00e1ll\u00e1st sem fizetnek. M\u00fazeumba, sz\u00ednh\u00e1zba csak \u00f6nk\u00f6lts\u00e9gesen mehet\u00fcnk, de az oszt\u00e1lyomb\u00f3l sokan nem tudnak erre \u00e1ldozni. Sz\u00fcl\u0151k is seg\u00edtettek, hogy legal\u00e1bb egyszer mindenki eljusson. Az oszt\u00e1ly harmada (34 f\u0151) szeg\u00e9nys\u00e9gben \u00e9l, mindennapi p\u00e9nz gondjuk van.<\/li>\n<li>Nem teljesen ide tartozik, de az \u00e1llatv\u00e9d\u0151k az \u00e1llatok sz\u00e1ll\u00edt\u00e1s\u00e1t vizsg\u00e1lj\u00e1k \u00e9s agg\u00f3dnak a marh\u00e1k\u00e9rt, meg a ty\u00fakok\u00e9rt. Mi, emberek 60 m2-en vagyunk 40 -en, plusz asztalok \u00e9s sz\u00e9kek a teremben. Ezt ki vizsg\u00e1lja \u00e9s t\u00f6r\u0151dik vele?<\/li>\n<li>M\u0171szaki tan\u00e1r \u00e9s tanm\u0171hely vezet\u0151 vagyok egy szakk\u00f6z\u00e9p \u00e9s szakiskol\u00e1ban. Egyre nagyobb gondot okoz a gyakorlati k\u00e9pz\u00e9shez, \u00e9s vizsg\u00e1khoz az anyagok el\u0151teremt\u00e9se.<br \/>\nA legut\u00f3bbit is \u00fagy tudtuk lebonyol\u00edtani, hogy elmentem c\u00e9gekhez gyakorlatilag koldulni! Szerencs\u00e9re m\u00e1r el\u00e9g r\u00e9gi motoros vagyok, sok tan\u00edtv\u00e1nyom van vezet\u0151 beoszt\u00e1sban \u00e9s tudnak seg\u00edteni, \u00e9vek \u00f3ta! De legut\u00f3bb egyik\u00fck megjegyezte: tan\u00e1r \u00far, ha mag\u00e1nak kell, oda adom a rakt\u00e1rkulcsot \u00e9s szolg\u00e1lja ki mag\u00e1t, de az iskol\u00e1t nem nek\u00fcnk k\u00e9ne ell\u00e1tni!<\/li>\n<\/ul>\n<p><strong><span style=\"color: #ff0000;\">A felm\u00e9r\u00e9s persze nem reprezentat\u00edv, \u00edgy az eredm\u00e9nyekb\u0151l nem lehet a teljes tan\u00e1ri popul\u00e1ci\u00f3ra vonatkoz\u00f3 k\u00f6vetkeztet\u00e9seket levonni.<\/span>\u00a0<\/strong> Persze val\u00f3sz\u00edn\u0171leg akkor sem t\u00f6rt\u00e9nne semmi \u00e9rdemleges, ha egy reprezentat\u00edv felm\u00e9r\u00e9s eredm\u00e9nyeit olvastuk volna. A (<em>nem fels\u0151oktat\u00e1sban dolgoz\u00f3<\/em>) tan\u00e1rok most \u00fagyis egy &#8222;drasztikus b\u00e9remel\u00e9sen&#8221; vannak t\u00fal, \u00edgy jut is, marad is (legal\u00e1bbis a k\u00f6zv\u00e9leked\u00e9s valami ilyesmi lenne&#8230;). Azt\u00e1n jelentkezn\u00e9nek m\u00e1s szakm\u00e1kb\u00f3l is, hogy &#8222;<em>deh\u00e1t \u00e9n is vettem m\u00e1r egyszer f\u00e9nym\u00e1sol\u00f3pap\u00edrt<\/em>&#8222;,\u00a0 \u00e9s \u00edgy m\u00e1r azonnal nem csak a tan\u00e1rokat, hanem minden magyar munkav\u00e1llal\u00f3t \u00e9rint\u0151 \u00e1ltal\u00e1nos probl\u00e9m\u00e1r\u00f3l lehetne besz\u00e9lni, \u00e9s elmondhatn\u00e1nk, hogy igen, ez sajnos\u00a0 rendszerszint\u0171 dolog, nincs mit tenni, mindenki ilyen k\u00f6r\u00fclm\u00e9nyek k\u00f6z\u00f6tt dolgozik, \u00e9s a mai vil\u00e1gban \u00f6r\u00fclj\u00fcnk, hogy legal\u00e1bb van munk\u00e1nk. Azt\u00e1n egy magas rang\u00fa szem\u00e9ly &#8211; akihez v\u00e9letlen\u00fcl eljutna a h\u00edr &#8211; szolidarit\u00e1sb\u00f3l saj\u00e1t fizet\u00e9s\u00e9b\u0151l \u00e1lln\u00e1 a szolg\u00e1lati Audi k\u00f6telez\u0151 szerv\u00edzd\u00edj\u00e1t, mindezt a t\u00e1rsadalmi felel\u0151ss\u00e9gv\u00e1llal\u00e1s \u00e9s az igazs\u00e1g\u00e9rzet helyre\u00e1ll\u00edt\u00e1s\u00e1nak jegy\u00e9ben (vagy nem).<\/p>\n<p>Bejegyz\u00e9semet st\u00edlszer\u0171en azzal z\u00e1rom, hogy:<\/p>\n<p><span style=\"color: #0000ff;\"><strong>A Pedag\u00f3gusjogok vil\u00e1gnapja alkalm\u00e1b\u00f3l (okt\u00f3ber 5.) minden \u00e9rintettnek sok boldogs\u00e1got k\u00edv\u00e1nok!<\/strong><\/span><\/p>\n<p>K\u00f6sz\u00f6n\u00f6m, hogy elolvasta a hat\u00e1svad\u00e1sz, demag\u00f3g, szakmaiatlan\u00a0 \u00e9s \u00fcnnepront\u00f3 bejegyz\u00e9semet! A jelz\u0151ket k\u00e9s\u0151bb m\u00e9g b\u0151v\u00edtem (vagy nem).<\/p>\n<p style=\"text-align: right;\"><em>Egy nem pedag\u00f3gus <\/em><br \/>\n<em>(csak k\u00f6zalkalmazott) egyetemi oktat\u00f3<\/em>,<br \/>\naki j\u00f3 helyzetben van, mert m\u00e9g nem kellett a munkahely\u00e9re<br \/>\nf\u00e9nym\u00e1sol\u00f3pap\u00edrt vinnie, \u00e9s (jellemz\u0151en) nyomtatni is tud<br \/>\n(b\u00e1r amit lehet PDF-ben oszt ki m\u00e1r nagyon r\u00e9g\u00f3ta),<br \/>\nkap irodaszereket (toll, t\u00e1blafilc, bor\u00edt\u00e9k), nagy asztala van,<br \/>\nviszont nemr\u00e9g adta oda a tartal\u00e9k Wifi router\u00e9t a feles\u00e9g\u00e9nek, hogy<br \/>\nbevihesse abba az iskol\u00e1ba, ahol tan\u00edt, k\u00fcl\u00f6nben nem tudn\u00e1 el\u00e9rni az internetet<br \/>\naz interakt\u00edv t\u00e1bl\u00e1hoz csatlakoztatott notebookj\u00e1r\u00f3l&#8230;<\/p>\n<div style=\"width: 510px\" class=\"wp-caption aligncenter\"><img loading=\"lazy\" decoding=\"async\" alt=\"\" src=\"http:\/\/www.myeducationstuff.com\/stressbusters\/images\/teacher_whine.jpg\" width=\"500\" height=\"380\" \/><p class=\"wp-caption-text\">Forr\u00e1s:<br \/>http:\/\/www.myeducationstuff.com\/stressbusters\/images\/teacher_whine.jpg<\/p><\/div>\n","protected":false},"excerpt":{"rendered":"<p>El\u0151z\u0151 blogbejegyz\u00e9semben egy olyan amerikai kutat\u00e1sr\u00f3l \u00edrtam, amelyben meg\u00e1llap\u00edtott\u00e1k, hogy a tengerent\u00fali tan\u00e1rok \u00e1tlagosan 945 $-t k\u00f6ltenek saj\u00e1t (lead\u00f3zott) fizet\u00e9s\u00fckb\u0151l arra a c\u00e9lra, hogy az oszt\u00e1lyteremben minden sz\u00fcks\u00e9ges eszk\u00f6z rendelkez\u00e9s\u00fckre \u00e1lljon. Hirtelen felindul\u00e1sb\u00f3l magam is \u00f6ssze\u00e1ll\u00edtottam egy k\u00e9rd\u0151\u00edvet, amelyet a Facebookon osztottam meg \u00e9s a tan\u00e1r koll\u00e9g\u00e1k megoszt\u00e1sainak k\u00f6sz\u00f6nhet\u0151en 142-en ki is t\u00f6lt\u00f6tt\u00e9k, ami persze &#8230;<\/p>\n<a href=\"https:\/\/abonyita.inf.elte.hu\/?p=1392\" class=\"read-more-link\">Tov\u00e1bb olvasom  <span class=\"screen-reader-text\">\"Tan\u00e1rk\u00e9nt mire k\u00f6lt az oktat\u00e1si feladatok ell\u00e1t\u00e1s\u00e1nak \u00e9rdek\u00e9ben? &#8211; eredm\u00e9nyek\"<\/span> <span class=\"meta-nav\">&rarr;<\/span><\/a>","protected":false},"author":1,"featured_media":0,"comment_status":"closed","ping_status":"closed","sticky":false,"template":"","format":"standard","meta":{"footnotes":""},"categories":[107],"tags":[109,61,108,105],"class_list":["post-1392","post","type-post","status-publish","format-standard","hentry","category-fustolgo","tag-kerdoiv","tag-kutatas","tag-munkakorulmeny","tag-tanar","penguin-post","penguin-post-not-sticky"],"_links":{"self":[{"href":"https:\/\/abonyita.inf.elte.hu\/index.php?rest_route=\/wp\/v2\/posts\/1392","targetHints":{"allow":["GET"]}}],"collection":[{"href":"https:\/\/abonyita.inf.elte.hu\/index.php?rest_route=\/wp\/v2\/posts"}],"about":[{"href":"https:\/\/abonyita.inf.elte.hu\/index.php?rest_route=\/wp\/v2\/types\/post"}],"author":[{"embeddable":true,"href":"https:\/\/abonyita.inf.elte.hu\/index.php?rest_route=\/wp\/v2\/users\/1"}],"replies":[{"embeddable":true,"href":"https:\/\/abonyita.inf.elte.hu\/index.php?rest_route=%2Fwp%2Fv2%2Fcomments&post=1392"}],"version-history":[{"count":16,"href":"https:\/\/abonyita.inf.elte.hu\/index.php?rest_route=\/wp\/v2\/posts\/1392\/revisions"}],"predecessor-version":[{"id":1410,"href":"https:\/\/abonyita.inf.elte.hu\/index.php?rest_route=\/wp\/v2\/posts\/1392\/revisions\/1410"}],"wp:attachment":[{"href":"https:\/\/abonyita.inf.elte.hu\/index.php?rest_route=%2Fwp%2Fv2%2Fmedia&parent=1392"}],"wp:term":[{"taxonomy":"category","embeddable":true,"href":"https:\/\/abonyita.inf.elte.hu\/index.php?rest_route=%2Fwp%2Fv2%2Fcategories&post=1392"},{"taxonomy":"post_tag","embeddable":true,"href":"https:\/\/abonyita.inf.elte.hu\/index.php?rest_route=%2Fwp%2Fv2%2Ftags&post=1392"}],"curies":[{"name":"wp","href":"https:\/\/api.w.org\/{rel}","templated":true}]}}