{"id":1242,"date":"2013-08-30T12:44:37","date_gmt":"2013-08-30T10:44:37","guid":{"rendered":"https:\/\/abonyita.inf.elte.hu\/?p=1242"},"modified":"2013-10-02T22:39:42","modified_gmt":"2013-10-02T20:39:42","slug":"tanarkent-mire-kolt-az-oktatasi-feladatok-ellatasanak-erdekeben","status":"publish","type":"post","link":"https:\/\/abonyita.inf.elte.hu\/?p=1242","title":{"rendered":"Tan\u00e1rk\u00e9nt mire k\u00f6lt az oktat\u00e1si feladatok ell\u00e1t\u00e1s\u00e1nak \u00e9rdek\u00e9ben?"},"content":{"rendered":"<p>A napokban <a href=\"http:\/\/www.hertzfurniture.com\/school-matters\/infographic-teachers-spend-money-classroom-necessities\" target=\"_blank\">\u00e9rdekes infografik\u00e1t k\u00f6z\u00f6lt a Hertz Furniture<\/a>, melyben azt mutatj\u00e1k be, hogy az Egyes\u00fclt \u00c1llamokban a tan\u00e1rok mennyi p\u00e9nzt k\u00f6ltenek saj\u00e1t fizet\u00e9s\u00fckb\u0151l arra a c\u00e9lra, hogy az oszt\u00e1lyteremben minden sz\u00fcks\u00e9ges eszk\u00f6z rendelkez\u00e9s\u00fckre \u00e1lljon.<\/p>\n<p><!--more--><\/p>\n<div id=\"attachment_1244\" style=\"width: 247px\" class=\"wp-caption aligncenter\"><a href=\"https:\/\/abonyita.inf.elte.hu\/wp-content\/uploads\/2013\/08\/teacher_spend_info_jpg1.png\"><img loading=\"lazy\" decoding=\"async\" aria-describedby=\"caption-attachment-1244\" class=\"size-large wp-image-1244\" alt=\"Mennyit k\u00f6ltenek a tan\u00e1rok fizet\u00e9s\u00fckb\u0151l oktat\u00e1si c\u00e9lokra (USA)\" src=\"https:\/\/abonyita.inf.elte.hu\/wp-content\/uploads\/2013\/08\/teacher_spend_info_jpg1-237x1024.png\" width=\"237\" height=\"1024\" \/><\/a><p id=\"caption-attachment-1244\" class=\"wp-caption-text\">Mennyit k\u00f6ltenek a tan\u00e1rok fizet\u00e9s\u00fckb\u0151l oktat\u00e1si c\u00e9lokra (USA)<\/p><\/div>\n<p>A sz\u00e1m megd\u00f6bbent\u0151, <strong>\u00e1tlagosan 945 $-t<\/strong> k\u00f6lt\u00f6ttek a tan\u00e1rok az utols\u00f3 tan\u00e9vben a tengerent\u00falon.<\/p>\n<p>Mekkora lehet ez az \u00f6sszeg Magyarorsz\u00e1gon? Kedves Tan\u00e1r koll\u00e9g\u00e1k! Itt a remek alkalom arra, hogy mindenki sz\u00e1mot adjon arr\u00f3l, hogy az elm\u00falt tan\u00e9vben mennyit k\u00f6lt\u00f6tt az oktat\u00e1si feladatok ell\u00e1t\u00e1s\u00e1nak \u00e9rdek\u00e9ben, saj\u00e1t munkak\u00f6r\u00fclm\u00e9nyeinek lehet\u0151v\u00e9 t\u00e9tel\u00e9re, jav\u00edt\u00e1s\u00e1ra.<\/p>\n<p>\u00d6ssze lehet sz\u00e1molni a kr\u00e9t\u00e1kra, t\u00e1blafilcekre, f\u00e9nym\u00e1sol\u00f3pap\u00edrra, nyomtat\u00f3patronra, saj\u00e1t c\u00e9lra v\u00e1s\u00e1rolt, de az oktat\u00e1sban haszn\u00e1lt \u00e9s leamortiz\u00e1lt notebookra k\u00f6lt\u00f6tt forintokat, a fizet\u0151s internetes szolg\u00e1ltat\u00e1sok (Ning, Dropbox, Google Drive, Prezi, stb.) \u00e1r\u00e1t!<\/p>\n<p>A k\u00e9rd\u0151\u00edv az al\u00e1bbi c\u00edmen el\u00e9rhet\u0151:<\/p>\n<p><a href=\"http:\/\/bit.ly\/koltsegektanarkent\" target=\"_blank\">http:\/\/bit.ly\/koltsegektanarkent<\/a><\/p>\n<p>J\u00f3(?) sz\u00e1molgat\u00e1st mindenkinek!\u00a0 Az eredm\u00e9nyeket \u00f6sszes\u00edt\u00e9s ut\u00e1n ugyanitt k\u00f6zz\u00e9teszem.<\/p>\n<p>&nbsp;<\/p>\n<p>&nbsp;<\/p>\n","protected":false},"excerpt":{"rendered":"<p>A napokban \u00e9rdekes infografik\u00e1t k\u00f6z\u00f6lt a Hertz Furniture, melyben azt mutatj\u00e1k be, hogy az Egyes\u00fclt \u00c1llamokban a tan\u00e1rok mennyi p\u00e9nzt k\u00f6ltenek saj\u00e1t fizet\u00e9s\u00fckb\u0151l arra a c\u00e9lra, hogy az oszt\u00e1lyteremben minden sz\u00fcks\u00e9ges eszk\u00f6z rendelkez\u00e9s\u00fckre \u00e1lljon.<\/p>\n<a href=\"https:\/\/abonyita.inf.elte.hu\/?p=1242\" class=\"read-more-link\">Tov\u00e1bb olvasom  <span class=\"screen-reader-text\">\"Tan\u00e1rk\u00e9nt mire k\u00f6lt az oktat\u00e1si feladatok ell\u00e1t\u00e1s\u00e1nak \u00e9rdek\u00e9ben?\"<\/span> <span class=\"meta-nav\">&rarr;<\/span><\/a>","protected":false},"author":1,"featured_media":0,"comment_status":"closed","ping_status":"closed","sticky":false,"template":"","format":"standard","meta":{"footnotes":""},"categories":[104],"tags":[106,105],"class_list":["post-1242","post","type-post","status-publish","format-standard","hentry","category-felmeres","tag-fizetes","tag-tanar","penguin-post","penguin-post-not-sticky"],"_links":{"self":[{"href":"https:\/\/abonyita.inf.elte.hu\/index.php?rest_route=\/wp\/v2\/posts\/1242","targetHints":{"allow":["GET"]}}],"collection":[{"href":"https:\/\/abonyita.inf.elte.hu\/index.php?rest_route=\/wp\/v2\/posts"}],"about":[{"href":"https:\/\/abonyita.inf.elte.hu\/index.php?rest_route=\/wp\/v2\/types\/post"}],"author":[{"embeddable":true,"href":"https:\/\/abonyita.inf.elte.hu\/index.php?rest_route=\/wp\/v2\/users\/1"}],"replies":[{"embeddable":true,"href":"https:\/\/abonyita.inf.elte.hu\/index.php?rest_route=%2Fwp%2Fv2%2Fcomments&post=1242"}],"version-history":[{"count":7,"href":"https:\/\/abonyita.inf.elte.hu\/index.php?rest_route=\/wp\/v2\/posts\/1242\/revisions"}],"predecessor-version":[{"id":1415,"href":"https:\/\/abonyita.inf.elte.hu\/index.php?rest_route=\/wp\/v2\/posts\/1242\/revisions\/1415"}],"wp:attachment":[{"href":"https:\/\/abonyita.inf.elte.hu\/index.php?rest_route=%2Fwp%2Fv2%2Fmedia&parent=1242"}],"wp:term":[{"taxonomy":"category","embeddable":true,"href":"https:\/\/abonyita.inf.elte.hu\/index.php?rest_route=%2Fwp%2Fv2%2Fcategories&post=1242"},{"taxonomy":"post_tag","embeddable":true,"href":"https:\/\/abonyita.inf.elte.hu\/index.php?rest_route=%2Fwp%2Fv2%2Ftags&post=1242"}],"curies":[{"name":"wp","href":"https:\/\/api.w.org\/{rel}","templated":true}]}}