{"id":1237,"date":"2013-07-17T16:30:06","date_gmt":"2013-07-17T14:30:06","guid":{"rendered":"https:\/\/abonyita.inf.elte.hu\/?p=1237"},"modified":"2013-07-17T16:30:06","modified_gmt":"2013-07-17T14:30:06","slug":"elte-karpat-medencei-magyar-nyari-egyetem","status":"publish","type":"post","link":"https:\/\/abonyita.inf.elte.hu\/?p=1237","title":{"rendered":"ELTE K\u00c1RP\u00c1T-MEDENCEI MAGYAR NY\u00c1RI EGYETEM"},"content":{"rendered":"<div id=\"attachment_1238\" style=\"width: 310px\" class=\"wp-caption alignright\"><a href=\"https:\/\/abonyita.inf.elte.hu\/wp-content\/uploads\/2013\/07\/nyariegyetem2013.jpg\"><img loading=\"lazy\" decoding=\"async\" aria-describedby=\"caption-attachment-1238\" class=\"size-medium wp-image-1238\" alt=\"A Ny\u00e1ri Egyetem megnyit\u00f3ja\" src=\"https:\/\/abonyita.inf.elte.hu\/wp-content\/uploads\/2013\/07\/nyariegyetem2013-300x205.jpg\" width=\"300\" height=\"205\" srcset=\"https:\/\/abonyita.inf.elte.hu\/wp-content\/uploads\/2013\/07\/nyariegyetem2013-300x205.jpg 300w, https:\/\/abonyita.inf.elte.hu\/wp-content\/uploads\/2013\/07\/nyariegyetem2013.jpg 735w\" sizes=\"auto, (max-width: 599px) calc(100vw - 50px), (max-width: 767px) calc(100vw - 70px), (max-width: 991px) 429px, (max-width: 1199px) 637px, 354px\" \/><\/a><p id=\"caption-attachment-1238\" class=\"wp-caption-text\">A Ny\u00e1ri Egyetem megnyit\u00f3ja<\/p><\/div>\n<p>Az ELTE harmadik alkalommal, a 15 \u00e9ves sikeres m\u00falttal rendelkez\u0151 BUDAPESTI NY\u00c1RI EGYETEM folytat\u00e1sak\u00e9nt rendezte meg a hat\u00e1ron t\u00fali magyar anyanyelv\u0171 egyetemista hallgat\u00f3k sz\u00e1m\u00e1ra az ELTE K\u00c1RP\u00c1T-MEDENCEI MAGYAR NY\u00c1RI EGYETEM c. programot 2013. j\u00falius 9. \u2013 j\u00falius 14. k\u00f6z\u00f6tt. A jelentkez\u0151k 4 szekci\u00f3ban vehettek r\u00e9szt.<\/p>\n<p>Az Informatikai szekci\u00f3 t\u00e9m\u00e1ja id\u00e9n a Webtechnol\u00f3gia volt, amelyet az ELTE IK M\u00e9dia- \u00e9s Oktat\u00e1sinformatikai Tansz\u00e9k\u00e9nek munkat\u00e1rsai szerveztek.<\/p>\n<p>J\u00f3magam az internet \u00e9s a web fejl\u0151d\u00e9s\u00e9r\u0151l, a szabv\u00e1nyokr\u00f3l, webergon\u00f3mi\u00e1r\u00f3l \u00e9s a HTML5 \u00e9s CSS3 gyakorlati jelent\u0151s\u00e9g\u00e9r\u0151l tartottam el\u0151ad\u00e1sokat \u00e9s gyakorlatokat.<\/p>\n","protected":false},"excerpt":{"rendered":"<p>Az ELTE harmadik alkalommal, a 15 \u00e9ves sikeres m\u00falttal rendelkez\u0151 BUDAPESTI NY\u00c1RI EGYETEM folytat\u00e1sak\u00e9nt rendezte meg a hat\u00e1ron t\u00fali magyar anyanyelv\u0171 egyetemista hallgat\u00f3k sz\u00e1m\u00e1ra az ELTE K\u00c1RP\u00c1T-MEDENCEI MAGYAR NY\u00c1RI EGYETEM c. programot 2013. j\u00falius 9. \u2013 j\u00falius 14. k\u00f6z\u00f6tt. A jelentkez\u0151k 4 szekci\u00f3ban vehettek r\u00e9szt. Az Informatikai szekci\u00f3 t\u00e9m\u00e1ja id\u00e9n a Webtechnol\u00f3gia volt, amelyet az &#8230;<\/p>\n<a href=\"https:\/\/abonyita.inf.elte.hu\/?p=1237\" class=\"read-more-link\">Tov\u00e1bb olvasom  <span class=\"screen-reader-text\">\"ELTE K\u00c1RP\u00c1T-MEDENCEI MAGYAR NY\u00c1RI EGYETEM\"<\/span> <span class=\"meta-nav\">&rarr;<\/span><\/a>","protected":false},"author":1,"featured_media":0,"comment_status":"open","ping_status":"closed","sticky":false,"template":"","format":"standard","meta":{"footnotes":""},"categories":[60],"tags":[103],"class_list":["post-1237","post","type-post","status-publish","format-standard","hentry","category-konferencia","tag-nyari-egyetem","penguin-post","penguin-post-not-sticky"],"_links":{"self":[{"href":"https:\/\/abonyita.inf.elte.hu\/index.php?rest_route=\/wp\/v2\/posts\/1237","targetHints":{"allow":["GET"]}}],"collection":[{"href":"https:\/\/abonyita.inf.elte.hu\/index.php?rest_route=\/wp\/v2\/posts"}],"about":[{"href":"https:\/\/abonyita.inf.elte.hu\/index.php?rest_route=\/wp\/v2\/types\/post"}],"author":[{"embeddable":true,"href":"https:\/\/abonyita.inf.elte.hu\/index.php?rest_route=\/wp\/v2\/users\/1"}],"replies":[{"embeddable":true,"href":"https:\/\/abonyita.inf.elte.hu\/index.php?rest_route=%2Fwp%2Fv2%2Fcomments&post=1237"}],"version-history":[{"count":2,"href":"https:\/\/abonyita.inf.elte.hu\/index.php?rest_route=\/wp\/v2\/posts\/1237\/revisions"}],"predecessor-version":[{"id":1240,"href":"https:\/\/abonyita.inf.elte.hu\/index.php?rest_route=\/wp\/v2\/posts\/1237\/revisions\/1240"}],"wp:attachment":[{"href":"https:\/\/abonyita.inf.elte.hu\/index.php?rest_route=%2Fwp%2Fv2%2Fmedia&parent=1237"}],"wp:term":[{"taxonomy":"category","embeddable":true,"href":"https:\/\/abonyita.inf.elte.hu\/index.php?rest_route=%2Fwp%2Fv2%2Fcategories&post=1237"},{"taxonomy":"post_tag","embeddable":true,"href":"https:\/\/abonyita.inf.elte.hu\/index.php?rest_route=%2Fwp%2Fv2%2Ftags&post=1237"}],"curies":[{"name":"wp","href":"https:\/\/api.w.org\/{rel}","templated":true}]}}