{"id":110,"date":"2009-01-19T11:40:31","date_gmt":"2009-01-19T10:40:31","guid":{"rendered":"https:\/\/abonyita.inf.elte.hu\/?p=110"},"modified":"2009-01-20T09:03:02","modified_gmt":"2009-01-20T08:03:02","slug":"kepkereses-szinvilag-alapjan","status":"publish","type":"post","link":"https:\/\/abonyita.inf.elte.hu\/?p=110","title":{"rendered":"K\u00e9pkeres\u00e9s sz\u00ednvil\u00e1g alapj\u00e1n"},"content":{"rendered":"<p>Ha arculattervez\u00e9shez, prezent\u00e1ci\u00f3k\u00e9sz\u00edt\u00e9shez egy adott sz\u00ednvil\u00e1g\u00fa k\u00e9pre van sz\u00fcks\u00e9g\u00fcnk, akkor haszn\u00e1lhatjuk a <a href=\"http:\/\/www.krazydad.com\/colrpickr\/ \" target=\"_blank\">http:\/\/www.krazydad.com\/colrpickr\/ <\/a>port\u00e1lt a keres\u00e9shez, amely a Flick-re felt\u00f6l\u00f6tt k\u00e9pek k\u00f6z\u00f6tt keres.<\/p>\n<p style=\"text-align: center;\"><img loading=\"lazy\" decoding=\"async\" class=\"size-medium wp-image-111 aligncenter\" title=\"flickrcolorpicker\" src=\"https:\/\/abonyita.inf.elte.hu\/wp-content\/uploads\/2009\/01\/flickrcolorpicker-270x300.gif\" alt=\"Flickr color picker\" width=\"270\" height=\"300\" \/><\/p>\n<p>A felhaszn\u00e1l\u00e1sn\u00e1l persze figyelembe kell venni az adott k\u00e9pre vonatkoz\u00f3 szerz\u0151i jogi kit\u00e9teleket.<\/p>\n<p>Ha valaki saj\u00e1t weblapj\u00e1ra szeretne feltenni olyan b\u0151v\u00edtm\u00e9nyt, amely lehet\u0151v\u00e9 teszi a sz\u00edn szerinti k\u00e9pkeres\u00e9st a flickr-ben, akkor itt tal\u00e1l egy \u00fatmutat\u00e1st:<\/p>\n<p><a href=\"http:\/\/www.poirrier.be\/~jean-etienne\/software\/flickr\/oncolour.php\" target=\"_blank\">http:\/\/www.poirrier.be\/~jean-etienne\/software\/flickr\/oncolour.php<\/a><\/p>\n","protected":false},"excerpt":{"rendered":"<p>Ha arculattervez\u00e9shez, prezent\u00e1ci\u00f3k\u00e9sz\u00edt\u00e9shez egy adott sz\u00ednvil\u00e1g\u00fa k\u00e9pre van sz\u00fcks\u00e9g\u00fcnk, akkor haszn\u00e1lhatjuk a http:\/\/www.krazydad.com\/colrpickr\/ port\u00e1lt a keres\u00e9shez, amely a Flick-re felt\u00f6l\u00f6tt k\u00e9pek k\u00f6z\u00f6tt keres. A felhaszn\u00e1l\u00e1sn\u00e1l persze figyelembe kell venni az adott k\u00e9pre vonatkoz\u00f3 szerz\u0151i jogi kit\u00e9teleket. Ha valaki saj\u00e1t weblapj\u00e1ra szeretne feltenni olyan b\u0151v\u00edtm\u00e9nyt, amely lehet\u0151v\u00e9 teszi a sz\u00edn szerinti k\u00e9pkeres\u00e9st a flickr-ben, akkor itt &#8230;<\/p>\n<a href=\"https:\/\/abonyita.inf.elte.hu\/?p=110\" class=\"read-more-link\">Tov\u00e1bb olvasom  <span class=\"screen-reader-text\">\"K\u00e9pkeres\u00e9s sz\u00ednvil\u00e1g alapj\u00e1n\"<\/span> <span class=\"meta-nav\">&rarr;<\/span><\/a>","protected":false},"author":1,"featured_media":0,"comment_status":"open","ping_status":"open","sticky":false,"template":"","format":"standard","meta":{"footnotes":""},"categories":[5],"tags":[12,13],"class_list":["post-110","post","type-post","status-publish","format-standard","hentry","category-grafika","tag-flickr","tag-szinek","penguin-post","penguin-post-not-sticky"],"_links":{"self":[{"href":"https:\/\/abonyita.inf.elte.hu\/index.php?rest_route=\/wp\/v2\/posts\/110","targetHints":{"allow":["GET"]}}],"collection":[{"href":"https:\/\/abonyita.inf.elte.hu\/index.php?rest_route=\/wp\/v2\/posts"}],"about":[{"href":"https:\/\/abonyita.inf.elte.hu\/index.php?rest_route=\/wp\/v2\/types\/post"}],"author":[{"embeddable":true,"href":"https:\/\/abonyita.inf.elte.hu\/index.php?rest_route=\/wp\/v2\/users\/1"}],"replies":[{"embeddable":true,"href":"https:\/\/abonyita.inf.elte.hu\/index.php?rest_route=%2Fwp%2Fv2%2Fcomments&post=110"}],"version-history":[{"count":7,"href":"https:\/\/abonyita.inf.elte.hu\/index.php?rest_route=\/wp\/v2\/posts\/110\/revisions"}],"predecessor-version":[{"id":115,"href":"https:\/\/abonyita.inf.elte.hu\/index.php?rest_route=\/wp\/v2\/posts\/110\/revisions\/115"}],"wp:attachment":[{"href":"https:\/\/abonyita.inf.elte.hu\/index.php?rest_route=%2Fwp%2Fv2%2Fmedia&parent=110"}],"wp:term":[{"taxonomy":"category","embeddable":true,"href":"https:\/\/abonyita.inf.elte.hu\/index.php?rest_route=%2Fwp%2Fv2%2Fcategories&post=110"},{"taxonomy":"post_tag","embeddable":true,"href":"https:\/\/abonyita.inf.elte.hu\/index.php?rest_route=%2Fwp%2Fv2%2Ftags&post=110"}],"curies":[{"name":"wp","href":"https:\/\/api.w.org\/{rel}","templated":true}]}}