{"id":1034,"date":"2012-10-30T20:51:04","date_gmt":"2012-10-30T19:51:04","guid":{"rendered":"https:\/\/abonyita.inf.elte.hu\/?p=1034"},"modified":"2012-10-30T20:56:38","modified_gmt":"2012-10-30T19:56:38","slug":"mobilis-interaktiv-kiallitasi-kozpont-gyorben","status":"publish","type":"post","link":"https:\/\/abonyita.inf.elte.hu\/?p=1034","title":{"rendered":"Mobilis Interakt\u00edv Ki\u00e1ll\u00edt\u00e1si K\u00f6zpont Gy\u0151rben"},"content":{"rendered":"<p>Nemr\u00e9giben Gy\u0151r-Moson-Sopron megy\u00e9ben kir\u00e1ndultunk \u00e9s mivel az id\u0151j\u00e1r\u00e1s \u00e9ppen nem annyira kedvezett a k\u00fclt\u00e9ri programoknak,\u00a0 \u00fatba ejtett\u00fck a gy\u0151ri <a href=\"http:\/\/mobilis.gyor.hu\/\">Mobilis Interakt\u00edv Ki\u00e1ll\u00edt\u00e1si K\u00f6zpontot<\/a>, ami remek d\u00f6nt\u00e9snek bizonyult.<\/p>\n<p><img loading=\"lazy\" decoding=\"async\" class=\"alignright size-full wp-image-1036\" title=\"Mobilis log\u00f3\" src=\"https:\/\/abonyita.inf.elte.hu\/wp-content\/uploads\/2012\/10\/mobilis.png\" alt=\"Mobilis Ki\u00e1ll\u00edt\u00f3h\u00e1z log\u00f3ja\" width=\"205\" height=\"63\" \/>A l\u00e1tv\u00e1nylaborban egy k\u00f6zel f\u00e9l \u00f3r\u00e1s, \u00e9rdekes \u00e9s l\u00e1tv\u00e1nyos bemutat\u00f3t n\u00e9zt\u00fcnk meg, majd a k\u00e9t szintes ki\u00e1ll\u00edt\u00f3t\u00e9r interakt\u00edv eszk\u00f6zeit pr\u00f3b\u00e1lgattuk ki, a kedvencekhez t\u00f6bbsz\u00f6r vissza-vissza t\u00e9rve.<\/p>\n<p>A ki\u00e1ll\u00edtott eszk\u00f6z\u00f6kkel t\u00e9nyleg j\u00e1tszva tanulhatnak a gyerekek, viszont a feln\u0151ttek sem unatkoznak, s\u0151t j\u00f3p\u00e1r olyan eszk\u00f6z van, amelyeket a gyerekekkel egy\u00fctt lehet kipr\u00f3b\u00e1lni (pl. ker\u00e9kp\u00e1ros verseny, ahol a 3 bicikli m\u00e1s-m\u00e1s \u00e1tt\u00e9tellel van hajtva).\u00a0 Pozit\u00edvum, hogy a karszalag eg\u00e9sz napos bel\u00e9p\u00e9sre jogos\u00edt, \u00edgy a l\u00e1togat\u00e1st &#8211; mondjuk egy finom eb\u00e9d miatt &#8211; ak\u00e1r meg is lehet szak\u00edtani.<\/p>\n<p>Ha valaki (gyermekeivel, di\u00e1kjaival) Gy\u0151r k\u00f6rny\u00e9k\u00e9n j\u00e1r, \u00e9rdemes ide bet\u00e9rnie. Addig is kedvcsin\u00e1l\u00f3k\u00e9nt \u00e9rdemes az al\u00e1bbi vide\u00f3t megtekinteni!<\/p>\n<p>httpv:\/\/www.youtube.com\/watch?v=Ysain-xYkZA<\/p>\n<p>&nbsp;<\/p>\n<p>&nbsp;<\/p>\n","protected":false},"excerpt":{"rendered":"<p>Nemr\u00e9giben Gy\u0151r-Moson-Sopron megy\u00e9ben kir\u00e1ndultunk \u00e9s mivel az id\u0151j\u00e1r\u00e1s \u00e9ppen nem annyira kedvezett a k\u00fclt\u00e9ri programoknak,\u00a0 \u00fatba ejtett\u00fck a gy\u0151ri Mobilis Interakt\u00edv Ki\u00e1ll\u00edt\u00e1si K\u00f6zpontot, ami remek d\u00f6nt\u00e9snek bizonyult. A l\u00e1tv\u00e1nylaborban egy k\u00f6zel f\u00e9l \u00f3r\u00e1s, \u00e9rdekes \u00e9s l\u00e1tv\u00e1nyos bemutat\u00f3t n\u00e9zt\u00fcnk meg, majd a k\u00e9t szintes ki\u00e1ll\u00edt\u00f3t\u00e9r interakt\u00edv eszk\u00f6zeit pr\u00f3b\u00e1lgattuk ki, a kedvencekhez t\u00f6bbsz\u00f6r vissza-vissza t\u00e9rve. A ki\u00e1ll\u00edtott &#8230;<\/p>\n<a href=\"https:\/\/abonyita.inf.elte.hu\/?p=1034\" class=\"read-more-link\">Tov\u00e1bb olvasom  <span class=\"screen-reader-text\">\"Mobilis Interakt\u00edv Ki\u00e1ll\u00edt\u00e1si K\u00f6zpont Gy\u0151rben\"<\/span> <span class=\"meta-nav\">&rarr;<\/span><\/a>","protected":false},"author":1,"featured_media":0,"comment_status":"open","ping_status":"open","sticky":false,"template":"","format":"standard","meta":{"footnotes":""},"categories":[29],"tags":[89],"class_list":["post-1034","post","type-post","status-publish","format-standard","hentry","category-erdekessegek","tag-mobilis","penguin-post","penguin-post-not-sticky"],"_links":{"self":[{"href":"https:\/\/abonyita.inf.elte.hu\/index.php?rest_route=\/wp\/v2\/posts\/1034","targetHints":{"allow":["GET"]}}],"collection":[{"href":"https:\/\/abonyita.inf.elte.hu\/index.php?rest_route=\/wp\/v2\/posts"}],"about":[{"href":"https:\/\/abonyita.inf.elte.hu\/index.php?rest_route=\/wp\/v2\/types\/post"}],"author":[{"embeddable":true,"href":"https:\/\/abonyita.inf.elte.hu\/index.php?rest_route=\/wp\/v2\/users\/1"}],"replies":[{"embeddable":true,"href":"https:\/\/abonyita.inf.elte.hu\/index.php?rest_route=%2Fwp%2Fv2%2Fcomments&post=1034"}],"version-history":[{"count":7,"href":"https:\/\/abonyita.inf.elte.hu\/index.php?rest_route=\/wp\/v2\/posts\/1034\/revisions"}],"predecessor-version":[{"id":1041,"href":"https:\/\/abonyita.inf.elte.hu\/index.php?rest_route=\/wp\/v2\/posts\/1034\/revisions\/1041"}],"wp:attachment":[{"href":"https:\/\/abonyita.inf.elte.hu\/index.php?rest_route=%2Fwp%2Fv2%2Fmedia&parent=1034"}],"wp:term":[{"taxonomy":"category","embeddable":true,"href":"https:\/\/abonyita.inf.elte.hu\/index.php?rest_route=%2Fwp%2Fv2%2Fcategories&post=1034"},{"taxonomy":"post_tag","embeddable":true,"href":"https:\/\/abonyita.inf.elte.hu\/index.php?rest_route=%2Fwp%2Fv2%2Ftags&post=1034"}],"curies":[{"name":"wp","href":"https:\/\/api.w.org\/{rel}","templated":true}]}}